{"id":1003,"date":"2023-12-11T06:00:50","date_gmt":"2023-12-11T05:00:50","guid":{"rendered":"https:\/\/pba.mmsh.fr\/?p=1003"},"modified":"2024-04-17T10:52:30","modified_gmt":"2024-04-17T08:52:30","slug":"avent-2023-jour-11","status":"publish","type":"post","link":"https:\/\/pba.mmsh.fr\/?p=1003","title":{"rendered":"AVENT 2023 &#8211; Jour 11"},"content":{"rendered":"<div class='__iawmlf-post-loop-links' style='display:none;' data-iawmlf-post-links='[{&quot;id&quot;:275,&quot;href&quot;:&quot;https:\\\/\\\/imageson.hypotheses.org\\\/tag\\\/inatheque&quot;,&quot;archived_href&quot;:&quot;https:\\\/\\\/web-wp.archive.org\\\/web\\\/20260221223648\\\/https:\\\/\\\/imageson.hypotheses.org\\\/tag\\\/inatheque&quot;,&quot;redirect_href&quot;:&quot;&quot;,&quot;checks&quot;:[{&quot;date&quot;:&quot;2026-04-16 20:13:28&quot;,&quot;http_code&quot;:200}],&quot;broken&quot;:false,&quot;last_checked&quot;:{&quot;date&quot;:&quot;2026-04-16 20:13:28&quot;,&quot;http_code&quot;:200},&quot;process&quot;:&quot;done&quot;},{&quot;id&quot;:276,&quot;href&quot;:&quot;http:\\\/\\\/www.calames.abes.fr\\\/pub\\\/ms\\\/Calames-202307031215414021&quot;,&quot;archived_href&quot;:&quot;&quot;,&quot;redirect_href&quot;:&quot;&quot;,&quot;checks&quot;:[],&quot;broken&quot;:false,&quot;last_checked&quot;:null,&quot;process&quot;:&quot;done&quot;}]'><\/div>\n<p class=\"has-text-align-left\">Souvenir n\u00b051 :<\/p>\n\n\n\n<p class=\"has-text-align-center\"><mark style=\"background-color:#D1E4DD\" class=\"has-inline-color has-black-color\"><strong>\u00ab\u00a0Je me souviens de \u00ab ALLEZ LES VERTS ! \u00bb.\u00a0\u00bb <\/strong><br>(Georges Perec, <em>Je me souviens<\/em>, 1978)<\/mark><\/p>\n\n\n\n<pre class=\"wp-block-verse has-text-align-left\"><mark style=\"background-color:rgba(0, 0, 0, 0)\" class=\"has-inline-color has-purple-color\"><\/mark>J\u2019avais 9 ans, le 17 mars 1976, mon grand-p\u00e8re m\u2019a donn\u00e9 l\u2019autorisation de regarder ce \u00bc de final de la Coupe des Clubs champions. C'est de lui dont je me souviens lorsque je revois les images de ce match retour extraordinaire de Saint-Etienne contre le grand club de Kiev (Russie). Je n'avais pas encore toutes les cl\u00e9s footballistiques \u00e0 l\u2019\u00e9poque.\n\nCette ann\u00e9e 1976, l\u2019\u00e9quipe de Kiev \u00e9tait compos\u00e9e de 11 joueurs internationaux russes, avec parmi eux le meilleur joueur du monde, Oleg Blokhine. L\u2019AS Saint-Etienne a r\u00e9alis\u00e9 l\u2019exploit de les \u00e9liminer 3 \u00e0 0 dans les prolongations apr\u00e8s avoir perdu le match Aller, 2 \u00e0 0.\n\nSi vous avez envie de revoir ces derni\u00e8res minutes, <a href=\"https:\/\/imageson.hypotheses.org\/tag\/inatheque\">les postes Inath\u00e8que<\/a> sont \u00e0 votre disposition \u00e0 la M\u00e9diath\u00e8que. \n\nL'Ina autorise la diffusion des imagettes, comme celle qui est plac\u00e9e \"\u00e0 la une\" avec droits r\u00e9serv\u00e9s et vous envoie les r\u00e9f\u00e9rences des \u00e9missions que vous pouvez consulter sur site. Cela nous permet de citer la photographie ainsi : Football : l'AS Saint-Etienne s'est qualifi\u00e9 pour les demi-finales de la Coupe d'Europe des clubs champions en battant le Dynamo Kiev 3 \u00e0 0 lors du quart de finale retour, Journal t\u00e9l\u00e9vis\u00e9, TF1 Actualit\u00e9s 13h, 18 mars 1976 (n\u00b0 inv. CAA7600358101)\n\nEt si vous voulez toujours en savoir plus sur le foot et ses archives, celles de Christian Bromberger sont consultables \u00e0 la M\u00e9diath\u00e8que, secteur archives de la recherche \/ phonoth\u00e8que : <a href=\"http:\/\/www.calames.abes.fr\/pub\/ms\/Calames-202307031215414021\" target=\"_blank\" rel=\"noreferrer noopener\">http:\/\/www.calames.abes.fr\/pub\/ms\/Calames-202307031215414021<\/a><\/pre>\n","protected":false},"excerpt":{"rendered":"<p>Souvenir n\u00b051 : \u00ab\u00a0Je me souviens de \u00ab ALLEZ LES VERTS ! \u00bb.\u00a0\u00bb (Georges Perec, Je me souviens, 1978) J\u2019avais 9 ans, le 17 mars 1976, mon grand-p\u00e8re m\u2019a donn\u00e9 l\u2019autorisation de regarder ce \u00bc de final de la Coupe des Clubs champions. C&rsquo;est de lui dont je me souviens lorsque je revois les images&hellip; <a class=\"more-link\" href=\"https:\/\/pba.mmsh.fr\/?p=1003\">Poursuivre la lecture <span class=\"screen-reader-text\">AVENT 2023 &#8211; Jour 11<\/span><\/a><\/p>\n","protected":false},"author":17,"featured_media":1317,"comment_status":"open","ping_status":"open","sticky":false,"template":"","format":"standard","meta":{"footnotes":""},"categories":[41,66],"tags":[91,90,67],"class_list":["post-1003","post","type-post","status-publish","format-standard","has-post-thumbnail","hentry","category-archives","category-calendrier-de-lavent","tag-christian-bromberger","tag-football","tag-je-me-souviens","entry"],"yoast_head":"<!-- This site is optimized with the Yoast SEO plugin v27.5 - https:\/\/yoast.com\/product\/yoast-seo-wordpress\/ -->\n<title>AVENT 2023 - Jour 11 - P\u00f4le Biblioth\u00e8ques et Archives de la MMSH<\/title>\n<meta name=\"robots\" content=\"index, follow, max-snippet:-1, max-image-preview:large, max-video-preview:-1\" \/>\n<link rel=\"canonical\" href=\"https:\/\/pba.mmsh.fr\/?p=1003\" \/>\n<meta property=\"og:locale\" content=\"fr_FR\" \/>\n<meta property=\"og:type\" content=\"article\" \/>\n<meta property=\"og:title\" content=\"AVENT 2023 - Jour 11 - P\u00f4le Biblioth\u00e8ques et Archives de la MMSH\" \/>\n<meta property=\"og:description\" content=\"Souvenir n\u00b051 : \u00ab\u00a0Je me souviens de \u00ab ALLEZ LES VERTS ! \u00bb.\u00a0\u00bb (Georges Perec, Je me souviens, 1978) J\u2019avais 9 ans, le 17 mars 1976, mon grand-p\u00e8re m\u2019a donn\u00e9 l\u2019autorisation de regarder ce \u00bc de final de la Coupe des Clubs champions. C&#039;est de lui dont je me souviens lorsque je revois les images&hellip; Poursuivre la lecture AVENT 2023 &#8211; Jour 11\" \/>\n<meta property=\"og:url\" content=\"https:\/\/pba.mmsh.fr\/?p=1003\" \/>\n<meta property=\"og:site_name\" content=\"P\u00f4le Biblioth\u00e8ques et Archives de la MMSH\" \/>\n<meta property=\"article:published_time\" content=\"2023-12-11T05:00:50+00:00\" \/>\n<meta property=\"article:modified_time\" content=\"2024-04-17T08:52:30+00:00\" \/>\n<meta property=\"og:image\" content=\"https:\/\/pba.mmsh.fr\/wp-content\/uploads\/2023\/12\/verts-e1702286977720.png\" \/>\n\t<meta property=\"og:image:width\" content=\"650\" \/>\n\t<meta property=\"og:image:height\" content=\"496\" \/>\n\t<meta property=\"og:image:type\" content=\"image\/png\" \/>\n<meta name=\"author\" content=\"Christian Champaloux\" \/>\n<meta name=\"twitter:card\" content=\"summary_large_image\" \/>\n<meta name=\"twitter:label1\" content=\"\u00c9crit par\" \/>\n\t<meta name=\"twitter:data1\" content=\"Christian Champaloux\" \/>\n\t<meta name=\"twitter:label2\" content=\"Dur\u00e9e de lecture estim\u00e9e\" \/>\n\t<meta name=\"twitter:data2\" content=\"1 minute\" \/>\n<script type=\"application\/ld+json\" class=\"yoast-schema-graph\">{\"@context\":\"https:\\\/\\\/schema.org\",\"@graph\":[{\"@type\":\"Article\",\"@id\":\"https:\\\/\\\/pba.mmsh.fr\\\/?p=1003#article\",\"isPartOf\":{\"@id\":\"https:\\\/\\\/pba.mmsh.fr\\\/?p=1003\"},\"author\":{\"name\":\"Christian Champaloux\",\"@id\":\"https:\\\/\\\/pba.mmsh.fr\\\/#\\\/schema\\\/person\\\/0acee4f148874b85c702a2c18d07fda8\"},\"headline\":\"AVENT 2023 &#8211; Jour 11\",\"datePublished\":\"2023-12-11T05:00:50+00:00\",\"dateModified\":\"2024-04-17T08:52:30+00:00\",\"mainEntityOfPage\":{\"@id\":\"https:\\\/\\\/pba.mmsh.fr\\\/?p=1003\"},\"wordCount\":17,\"commentCount\":1,\"publisher\":{\"@id\":\"https:\\\/\\\/pba.mmsh.fr\\\/#organization\"},\"image\":{\"@id\":\"https:\\\/\\\/pba.mmsh.fr\\\/?p=1003#primaryimage\"},\"thumbnailUrl\":\"https:\\\/\\\/pba.mmsh.fr\\\/wp-content\\\/uploads\\\/2023\\\/12\\\/verts-e1702286977720.png\",\"keywords\":[\"Christian Bromberger\",\"football\",\"Je me souviens\"],\"articleSection\":[\"Archives\",\"Calendrier de l'Avent\"],\"inLanguage\":\"fr-FR\",\"potentialAction\":[{\"@type\":\"CommentAction\",\"name\":\"Comment\",\"target\":[\"https:\\\/\\\/pba.mmsh.fr\\\/?p=1003#respond\"]}]},{\"@type\":\"WebPage\",\"@id\":\"https:\\\/\\\/pba.mmsh.fr\\\/?p=1003\",\"url\":\"https:\\\/\\\/pba.mmsh.fr\\\/?p=1003\",\"name\":\"AVENT 2023 - Jour 11 - P\u00f4le Biblioth\u00e8ques et Archives de la MMSH\",\"isPartOf\":{\"@id\":\"https:\\\/\\\/pba.mmsh.fr\\\/#website\"},\"primaryImageOfPage\":{\"@id\":\"https:\\\/\\\/pba.mmsh.fr\\\/?p=1003#primaryimage\"},\"image\":{\"@id\":\"https:\\\/\\\/pba.mmsh.fr\\\/?p=1003#primaryimage\"},\"thumbnailUrl\":\"https:\\\/\\\/pba.mmsh.fr\\\/wp-content\\\/uploads\\\/2023\\\/12\\\/verts-e1702286977720.png\",\"datePublished\":\"2023-12-11T05:00:50+00:00\",\"dateModified\":\"2024-04-17T08:52:30+00:00\",\"breadcrumb\":{\"@id\":\"https:\\\/\\\/pba.mmsh.fr\\\/?p=1003#breadcrumb\"},\"inLanguage\":\"fr-FR\",\"potentialAction\":[{\"@type\":\"ReadAction\",\"target\":[\"https:\\\/\\\/pba.mmsh.fr\\\/?p=1003\"]}]},{\"@type\":\"ImageObject\",\"inLanguage\":\"fr-FR\",\"@id\":\"https:\\\/\\\/pba.mmsh.fr\\\/?p=1003#primaryimage\",\"url\":\"https:\\\/\\\/pba.mmsh.fr\\\/wp-content\\\/uploads\\\/2023\\\/12\\\/verts-e1702286977720.png\",\"contentUrl\":\"https:\\\/\\\/pba.mmsh.fr\\\/wp-content\\\/uploads\\\/2023\\\/12\\\/verts-e1702286977720.png\",\"width\":650,\"height\":496},{\"@type\":\"BreadcrumbList\",\"@id\":\"https:\\\/\\\/pba.mmsh.fr\\\/?p=1003#breadcrumb\",\"itemListElement\":[{\"@type\":\"ListItem\",\"position\":1,\"name\":\"Accueil\",\"item\":\"https:\\\/\\\/pba.mmsh.fr\\\/\"},{\"@type\":\"ListItem\",\"position\":2,\"name\":\"AVENT 2023 &#8211; Jour 11\"}]},{\"@type\":\"WebSite\",\"@id\":\"https:\\\/\\\/pba.mmsh.fr\\\/#website\",\"url\":\"https:\\\/\\\/pba.mmsh.fr\\\/\",\"name\":\"P\u00f4le Biblioth\u00e8ques et Archives de la MMSH\",\"description\":\"Biblioth\u00e8ques et Archives \u00e0 la Maison m\u00e9diterran\u00e9enne des sciences de l\u2019homme\",\"publisher\":{\"@id\":\"https:\\\/\\\/pba.mmsh.fr\\\/#organization\"},\"potentialAction\":[{\"@type\":\"SearchAction\",\"target\":{\"@type\":\"EntryPoint\",\"urlTemplate\":\"https:\\\/\\\/pba.mmsh.fr\\\/?s={search_term_string}\"},\"query-input\":{\"@type\":\"PropertyValueSpecification\",\"valueRequired\":true,\"valueName\":\"search_term_string\"}}],\"inLanguage\":\"fr-FR\"},{\"@type\":\"Organization\",\"@id\":\"https:\\\/\\\/pba.mmsh.fr\\\/#organization\",\"name\":\"P\u00f4le Biblioth\u00e8ques et Archives de la MMSH\",\"url\":\"https:\\\/\\\/pba.mmsh.fr\\\/\",\"logo\":{\"@type\":\"ImageObject\",\"inLanguage\":\"fr-FR\",\"@id\":\"https:\\\/\\\/pba.mmsh.fr\\\/#\\\/schema\\\/logo\\\/image\\\/\",\"url\":\"https:\\\/\\\/pba.mmsh.fr\\\/wp-content\\\/uploads\\\/2026\\\/01\\\/cropped-cropped-LOGO-UAR-MMSHS-coul.png\",\"contentUrl\":\"https:\\\/\\\/pba.mmsh.fr\\\/wp-content\\\/uploads\\\/2026\\\/01\\\/cropped-cropped-LOGO-UAR-MMSHS-coul.png\",\"width\":1161,\"height\":303,\"caption\":\"P\u00f4le Biblioth\u00e8ques et Archives de la MMSH\"},\"image\":{\"@id\":\"https:\\\/\\\/pba.mmsh.fr\\\/#\\\/schema\\\/logo\\\/image\\\/\"}},{\"@type\":\"Person\",\"@id\":\"https:\\\/\\\/pba.mmsh.fr\\\/#\\\/schema\\\/person\\\/0acee4f148874b85c702a2c18d07fda8\",\"name\":\"Christian Champaloux\",\"image\":{\"@type\":\"ImageObject\",\"inLanguage\":\"fr-FR\",\"@id\":\"https:\\\/\\\/secure.gravatar.com\\\/avatar\\\/831e1326d70be266899ff5ba90adbc7f319be438e5b45b24baa6d043255a8977?s=96&d=mm&r=g\",\"url\":\"https:\\\/\\\/secure.gravatar.com\\\/avatar\\\/831e1326d70be266899ff5ba90adbc7f319be438e5b45b24baa6d043255a8977?s=96&d=mm&r=g\",\"contentUrl\":\"https:\\\/\\\/secure.gravatar.com\\\/avatar\\\/831e1326d70be266899ff5ba90adbc7f319be438e5b45b24baa6d043255a8977?s=96&d=mm&r=g\",\"caption\":\"Christian Champaloux\"},\"url\":\"https:\\\/\\\/pba.mmsh.fr\\\/?author=17\"}]}<\/script>\n<!-- \/ Yoast SEO plugin. -->","yoast_head_json":{"title":"AVENT 2023 - Jour 11 - P\u00f4le Biblioth\u00e8ques et Archives de la MMSH","robots":{"index":"index","follow":"follow","max-snippet":"max-snippet:-1","max-image-preview":"max-image-preview:large","max-video-preview":"max-video-preview:-1"},"canonical":"https:\/\/pba.mmsh.fr\/?p=1003","og_locale":"fr_FR","og_type":"article","og_title":"AVENT 2023 - Jour 11 - P\u00f4le Biblioth\u00e8ques et Archives de la MMSH","og_description":"Souvenir n\u00b051 : \u00ab\u00a0Je me souviens de \u00ab ALLEZ LES VERTS ! \u00bb.\u00a0\u00bb (Georges Perec, Je me souviens, 1978) J\u2019avais 9 ans, le 17 mars 1976, mon grand-p\u00e8re m\u2019a donn\u00e9 l\u2019autorisation de regarder ce \u00bc de final de la Coupe des Clubs champions. C'est de lui dont je me souviens lorsque je revois les images&hellip; Poursuivre la lecture AVENT 2023 &#8211; Jour 11","og_url":"https:\/\/pba.mmsh.fr\/?p=1003","og_site_name":"P\u00f4le Biblioth\u00e8ques et Archives de la MMSH","article_published_time":"2023-12-11T05:00:50+00:00","article_modified_time":"2024-04-17T08:52:30+00:00","og_image":[{"width":650,"height":496,"url":"https:\/\/pba.mmsh.fr\/wp-content\/uploads\/2023\/12\/verts-e1702286977720.png","type":"image\/png"}],"author":"Christian Champaloux","twitter_card":"summary_large_image","twitter_misc":{"\u00c9crit par":"Christian Champaloux","Dur\u00e9e de lecture estim\u00e9e":"1 minute"},"schema":{"@context":"https:\/\/schema.org","@graph":[{"@type":"Article","@id":"https:\/\/pba.mmsh.fr\/?p=1003#article","isPartOf":{"@id":"https:\/\/pba.mmsh.fr\/?p=1003"},"author":{"name":"Christian Champaloux","@id":"https:\/\/pba.mmsh.fr\/#\/schema\/person\/0acee4f148874b85c702a2c18d07fda8"},"headline":"AVENT 2023 &#8211; Jour 11","datePublished":"2023-12-11T05:00:50+00:00","dateModified":"2024-04-17T08:52:30+00:00","mainEntityOfPage":{"@id":"https:\/\/pba.mmsh.fr\/?p=1003"},"wordCount":17,"commentCount":1,"publisher":{"@id":"https:\/\/pba.mmsh.fr\/#organization"},"image":{"@id":"https:\/\/pba.mmsh.fr\/?p=1003#primaryimage"},"thumbnailUrl":"https:\/\/pba.mmsh.fr\/wp-content\/uploads\/2023\/12\/verts-e1702286977720.png","keywords":["Christian Bromberger","football","Je me souviens"],"articleSection":["Archives","Calendrier de l'Avent"],"inLanguage":"fr-FR","potentialAction":[{"@type":"CommentAction","name":"Comment","target":["https:\/\/pba.mmsh.fr\/?p=1003#respond"]}]},{"@type":"WebPage","@id":"https:\/\/pba.mmsh.fr\/?p=1003","url":"https:\/\/pba.mmsh.fr\/?p=1003","name":"AVENT 2023 - Jour 11 - P\u00f4le Biblioth\u00e8ques et Archives de la MMSH","isPartOf":{"@id":"https:\/\/pba.mmsh.fr\/#website"},"primaryImageOfPage":{"@id":"https:\/\/pba.mmsh.fr\/?p=1003#primaryimage"},"image":{"@id":"https:\/\/pba.mmsh.fr\/?p=1003#primaryimage"},"thumbnailUrl":"https:\/\/pba.mmsh.fr\/wp-content\/uploads\/2023\/12\/verts-e1702286977720.png","datePublished":"2023-12-11T05:00:50+00:00","dateModified":"2024-04-17T08:52:30+00:00","breadcrumb":{"@id":"https:\/\/pba.mmsh.fr\/?p=1003#breadcrumb"},"inLanguage":"fr-FR","potentialAction":[{"@type":"ReadAction","target":["https:\/\/pba.mmsh.fr\/?p=1003"]}]},{"@type":"ImageObject","inLanguage":"fr-FR","@id":"https:\/\/pba.mmsh.fr\/?p=1003#primaryimage","url":"https:\/\/pba.mmsh.fr\/wp-content\/uploads\/2023\/12\/verts-e1702286977720.png","contentUrl":"https:\/\/pba.mmsh.fr\/wp-content\/uploads\/2023\/12\/verts-e1702286977720.png","width":650,"height":496},{"@type":"BreadcrumbList","@id":"https:\/\/pba.mmsh.fr\/?p=1003#breadcrumb","itemListElement":[{"@type":"ListItem","position":1,"name":"Accueil","item":"https:\/\/pba.mmsh.fr\/"},{"@type":"ListItem","position":2,"name":"AVENT 2023 &#8211; Jour 11"}]},{"@type":"WebSite","@id":"https:\/\/pba.mmsh.fr\/#website","url":"https:\/\/pba.mmsh.fr\/","name":"P\u00f4le Biblioth\u00e8ques et Archives de la MMSH","description":"Biblioth\u00e8ques et Archives \u00e0 la Maison m\u00e9diterran\u00e9enne des sciences de l\u2019homme","publisher":{"@id":"https:\/\/pba.mmsh.fr\/#organization"},"potentialAction":[{"@type":"SearchAction","target":{"@type":"EntryPoint","urlTemplate":"https:\/\/pba.mmsh.fr\/?s={search_term_string}"},"query-input":{"@type":"PropertyValueSpecification","valueRequired":true,"valueName":"search_term_string"}}],"inLanguage":"fr-FR"},{"@type":"Organization","@id":"https:\/\/pba.mmsh.fr\/#organization","name":"P\u00f4le Biblioth\u00e8ques et Archives de la MMSH","url":"https:\/\/pba.mmsh.fr\/","logo":{"@type":"ImageObject","inLanguage":"fr-FR","@id":"https:\/\/pba.mmsh.fr\/#\/schema\/logo\/image\/","url":"https:\/\/pba.mmsh.fr\/wp-content\/uploads\/2026\/01\/cropped-cropped-LOGO-UAR-MMSHS-coul.png","contentUrl":"https:\/\/pba.mmsh.fr\/wp-content\/uploads\/2026\/01\/cropped-cropped-LOGO-UAR-MMSHS-coul.png","width":1161,"height":303,"caption":"P\u00f4le Biblioth\u00e8ques et Archives de la MMSH"},"image":{"@id":"https:\/\/pba.mmsh.fr\/#\/schema\/logo\/image\/"}},{"@type":"Person","@id":"https:\/\/pba.mmsh.fr\/#\/schema\/person\/0acee4f148874b85c702a2c18d07fda8","name":"Christian Champaloux","image":{"@type":"ImageObject","inLanguage":"fr-FR","@id":"https:\/\/secure.gravatar.com\/avatar\/831e1326d70be266899ff5ba90adbc7f319be438e5b45b24baa6d043255a8977?s=96&d=mm&r=g","url":"https:\/\/secure.gravatar.com\/avatar\/831e1326d70be266899ff5ba90adbc7f319be438e5b45b24baa6d043255a8977?s=96&d=mm&r=g","contentUrl":"https:\/\/secure.gravatar.com\/avatar\/831e1326d70be266899ff5ba90adbc7f319be438e5b45b24baa6d043255a8977?s=96&d=mm&r=g","caption":"Christian Champaloux"},"url":"https:\/\/pba.mmsh.fr\/?author=17"}]}},"_links":{"self":[{"href":"https:\/\/pba.mmsh.fr\/index.php?rest_route=\/wp\/v2\/posts\/1003","targetHints":{"allow":["GET"]}}],"collection":[{"href":"https:\/\/pba.mmsh.fr\/index.php?rest_route=\/wp\/v2\/posts"}],"about":[{"href":"https:\/\/pba.mmsh.fr\/index.php?rest_route=\/wp\/v2\/types\/post"}],"author":[{"embeddable":true,"href":"https:\/\/pba.mmsh.fr\/index.php?rest_route=\/wp\/v2\/users\/17"}],"replies":[{"embeddable":true,"href":"https:\/\/pba.mmsh.fr\/index.php?rest_route=%2Fwp%2Fv2%2Fcomments&post=1003"}],"version-history":[{"count":8,"href":"https:\/\/pba.mmsh.fr\/index.php?rest_route=\/wp\/v2\/posts\/1003\/revisions"}],"predecessor-version":[{"id":1631,"href":"https:\/\/pba.mmsh.fr\/index.php?rest_route=\/wp\/v2\/posts\/1003\/revisions\/1631"}],"wp:featuredmedia":[{"embeddable":true,"href":"https:\/\/pba.mmsh.fr\/index.php?rest_route=\/wp\/v2\/media\/1317"}],"wp:attachment":[{"href":"https:\/\/pba.mmsh.fr\/index.php?rest_route=%2Fwp%2Fv2%2Fmedia&parent=1003"}],"wp:term":[{"taxonomy":"category","embeddable":true,"href":"https:\/\/pba.mmsh.fr\/index.php?rest_route=%2Fwp%2Fv2%2Fcategories&post=1003"},{"taxonomy":"post_tag","embeddable":true,"href":"https:\/\/pba.mmsh.fr\/index.php?rest_route=%2Fwp%2Fv2%2Ftags&post=1003"}],"curies":[{"name":"wp","href":"https:\/\/api.w.org\/{rel}","templated":true}]}}