{"id":1005,"date":"2023-12-12T06:00:26","date_gmt":"2023-12-12T05:00:26","guid":{"rendered":"https:\/\/pba.mmsh.fr\/?p=1005"},"modified":"2024-04-17T10:52:05","modified_gmt":"2024-04-17T08:52:05","slug":"avent-2023-jour-12","status":"publish","type":"post","link":"https:\/\/pba.mmsh.fr\/?p=1005","title":{"rendered":"AVENT 2023 &#8211; Jour 12"},"content":{"rendered":"<div class='__iawmlf-post-loop-links' style='display:none;' data-iawmlf-post-links='[{&quot;id&quot;:273,&quot;href&quot;:&quot;http:\\\/\\\/www.calames.abes.fr\\\/pub\\\/ms\\\/Calames-20204171041962834&quot;,&quot;archived_href&quot;:&quot;&quot;,&quot;redirect_href&quot;:&quot;https:\\\/\\\/calames.abes.fr\\\/pub\\\/ms\\\/Calames-20204171041962834&quot;,&quot;checks&quot;:[],&quot;broken&quot;:false,&quot;last_checked&quot;:null,&quot;process&quot;:&quot;done&quot;},{&quot;id&quot;:274,&quot;href&quot;:&quot;https:\\\/\\\/media.hal.science\\\/medihal-02058695v1&quot;,&quot;archived_href&quot;:&quot;&quot;,&quot;redirect_href&quot;:&quot;&quot;,&quot;checks&quot;:[],&quot;broken&quot;:false,&quot;last_checked&quot;:null,&quot;process&quot;:&quot;done&quot;}]'><\/div>\n<p class=\"has-text-align-left\">Souvenir n\u00b0168 :<\/p>\n\n\n\n<p class=\"has-text-align-center\"><mark style=\"background-color:#EEEADD\" class=\"has-inline-color has-black-color\"><strong>\u00ab\u00a0Je me souviens des \u00ab\u00a0Bals populaires\u00a0\u00bb et de Pierre.\u00a0\u00bb <\/strong><br>(Georges Perec, <em>Je me souviens<\/em>, 1978)<\/mark><\/p>\n\n\n\n<p>Je me souviens qu&rsquo;au moment d&rsquo;indexer cette image je me suis dit que rien ne pourrait d\u00e9crire mieux la \u00ab\u00a0L\u00e9g\u00e8ret\u00e9 de la danse\u00a0\u00bb<\/p>\n\n\n\n<p>Consulter la notice de la photographie sur <a href=\"http:\/\/www.calames.abes.fr\/pub\/ms\/Calames-20204171041962834\">Calames<\/a>.<\/p>\n\n\n\n<p><strong>Description de la photographie (cote LAN-I-013<\/strong>) <strong>par l&rsquo;archiviste <\/strong>: Des danseurs du groupe folklorique <em>Les Enfants d&rsquo;Arausio<\/em> effectuent la Farandole des Concours. Six danseurs v\u00eatus d&rsquo;un costume traditionnel de couleur blanc, une ceinture bleue \u00e0 la taille sont photographi\u00e9s pour l&rsquo;\u00e9dition d&rsquo;une carte postale en couleur. Les six hommes se tiennent la main qu&rsquo;ils placent en l&rsquo;air et on distingue derri\u00e8re eux trois danseuses dansant et portant elles aussi un costume traditionnel. Derri\u00e8re encore, deux musiciens de galoubet-tambourin m\u00e8nent la farandole. Ils portent une veste noire par dessus le costume traditionnel. La danse est photographi\u00e9e dans le th\u00e9\u00e2tre romain d&rsquo;Orange.<\/p>\n\n\n\n<p>La l\u00e9gende imprim\u00e9e au dos de la carte postale indique de quelle collection est issue la photographie (Collection de la Conf\u00e9d\u00e9ration Nationale des Groupes Folkloriques Fran\u00e7ais &#8211; Palais de Chaillot, Paris) et sa r\u00e9f\u00e9rence. Elle pr\u00e9cise \u00e9galement le nom et l&rsquo;origine du groupe folklorique qui r\u00e9alise la danse (Groupe folklorique d&rsquo;Orange : Les Enfants d&rsquo;Arausio) et le nom de la danse ex\u00e9cut\u00e9e (Farandole des Concours). Cette farandole est \u00ab\u00a0dans\u00e9e par des sp\u00e9cialistes Pr\u00e9v\u00f4ts ou Ma\u00eetres de Danses, h\u00e9ritiers dans Anciens Ma\u00eetres de Danses aux Arm\u00e9es\u00a0\u00bb. <\/p>\n\n\n\n<p>Le verso de la carte est vierge, sauf cotation du document, tampon MMSH et informations commerciales imprim\u00e9es.<\/p>\n\n\n\n<p><strong><em>Cr\u00e9dit photographique :<\/em> <\/strong><br><em><a>Photographie de Roger Trouilhet<\/a> , <a>(1935) Cngff Conf\u00e9d\u00e9ration Nationale Des Groupes Folkloriques Fran\u00e7ais<\/a>, <a>Les Enfants d&rsquo;Arausio dans les ann\u00e9es 1970 (groupe Folklori<\/a>que)<\/em>. (<a href=\"https:\/\/media.hal.science\/medihal-02058695v1\">medihal-02058695<\/a>) <\/p>\n","protected":false},"excerpt":{"rendered":"<p>Souvenir n\u00b0168 : \u00ab\u00a0Je me souviens des \u00ab\u00a0Bals populaires\u00a0\u00bb et de Pierre.\u00a0\u00bb (Georges Perec, Je me souviens, 1978) Je me souviens qu&rsquo;au moment d&rsquo;indexer cette image je me suis dit que rien ne pourrait d\u00e9crire mieux la \u00ab\u00a0L\u00e9g\u00e8ret\u00e9 de la danse\u00a0\u00bb Consulter la notice de la photographie sur Calames. Description de la photographie (cote LAN-I-013)&hellip; <a class=\"more-link\" href=\"https:\/\/pba.mmsh.fr\/?p=1005\">Poursuivre la lecture <span class=\"screen-reader-text\">AVENT 2023 &#8211; Jour 12<\/span><\/a><\/p>\n","protected":false},"author":6,"featured_media":1281,"comment_status":"open","ping_status":"open","sticky":false,"template":"","format":"standard","meta":{"footnotes":""},"categories":[41,66],"tags":[67],"class_list":["post-1005","post","type-post","status-publish","format-standard","has-post-thumbnail","hentry","category-archives","category-calendrier-de-lavent","tag-je-me-souviens","entry"],"yoast_head":"<!-- This site is optimized with the Yoast SEO plugin v27.4 - https:\/\/yoast.com\/product\/yoast-seo-wordpress\/ -->\n<title>AVENT 2023 - Jour 12 - P\u00f4le Biblioth\u00e8ques et Archives de la MMSH<\/title>\n<meta name=\"robots\" content=\"index, follow, max-snippet:-1, max-image-preview:large, max-video-preview:-1\" \/>\n<link rel=\"canonical\" href=\"https:\/\/pba.mmsh.fr\/?p=1005\" \/>\n<meta property=\"og:locale\" content=\"fr_FR\" \/>\n<meta property=\"og:type\" content=\"article\" \/>\n<meta property=\"og:title\" content=\"AVENT 2023 - Jour 12 - P\u00f4le Biblioth\u00e8ques et Archives de la MMSH\" \/>\n<meta property=\"og:description\" content=\"Souvenir n\u00b0168 : \u00ab\u00a0Je me souviens des \u00ab\u00a0Bals populaires\u00a0\u00bb et de Pierre.\u00a0\u00bb (Georges Perec, Je me souviens, 1978) Je me souviens qu&rsquo;au moment d&rsquo;indexer cette image je me suis dit que rien ne pourrait d\u00e9crire mieux la \u00ab\u00a0L\u00e9g\u00e8ret\u00e9 de la danse\u00a0\u00bb Consulter la notice de la photographie sur Calames. Description de la photographie (cote LAN-I-013)&hellip; Poursuivre la lecture AVENT 2023 &#8211; Jour 12\" \/>\n<meta property=\"og:url\" content=\"https:\/\/pba.mmsh.fr\/?p=1005\" \/>\n<meta property=\"og:site_name\" content=\"P\u00f4le Biblioth\u00e8ques et Archives de la MMSH\" \/>\n<meta property=\"article:published_time\" content=\"2023-12-12T05:00:26+00:00\" \/>\n<meta property=\"article:modified_time\" content=\"2024-04-17T08:52:05+00:00\" \/>\n<meta property=\"og:image\" content=\"https:\/\/pba.mmsh.fr\/wp-content\/uploads\/2023\/12\/danse.png\" \/>\n\t<meta property=\"og:image:width\" content=\"640\" \/>\n\t<meta property=\"og:image:height\" content=\"460\" \/>\n\t<meta property=\"og:image:type\" content=\"image\/png\" \/>\n<meta name=\"author\" content=\"V\u00e9ronique Ginouves\" \/>\n<meta name=\"twitter:card\" content=\"summary_large_image\" \/>\n<meta name=\"twitter:label1\" content=\"\u00c9crit par\" \/>\n\t<meta name=\"twitter:data1\" content=\"V\u00e9ronique Ginouves\" \/>\n\t<meta name=\"twitter:label2\" content=\"Dur\u00e9e de lecture estim\u00e9e\" \/>\n\t<meta name=\"twitter:data2\" content=\"2 minutes\" \/>\n<script type=\"application\/ld+json\" class=\"yoast-schema-graph\">{\"@context\":\"https:\\\/\\\/schema.org\",\"@graph\":[{\"@type\":\"Article\",\"@id\":\"https:\\\/\\\/pba.mmsh.fr\\\/?p=1005#article\",\"isPartOf\":{\"@id\":\"https:\\\/\\\/pba.mmsh.fr\\\/?p=1005\"},\"author\":{\"name\":\"V\u00e9ronique Ginouves\",\"@id\":\"https:\\\/\\\/pba.mmsh.fr\\\/#\\\/schema\\\/person\\\/8a97db2e3f0a73b41ab01cd25eb99682\"},\"headline\":\"AVENT 2023 &#8211; Jour 12\",\"datePublished\":\"2023-12-12T05:00:26+00:00\",\"dateModified\":\"2024-04-17T08:52:05+00:00\",\"mainEntityOfPage\":{\"@id\":\"https:\\\/\\\/pba.mmsh.fr\\\/?p=1005\"},\"wordCount\":320,\"commentCount\":1,\"publisher\":{\"@id\":\"https:\\\/\\\/pba.mmsh.fr\\\/#organization\"},\"image\":{\"@id\":\"https:\\\/\\\/pba.mmsh.fr\\\/?p=1005#primaryimage\"},\"thumbnailUrl\":\"https:\\\/\\\/pba.mmsh.fr\\\/wp-content\\\/uploads\\\/2023\\\/12\\\/danse.png\",\"keywords\":[\"Je me souviens\"],\"articleSection\":[\"Archives\",\"Calendrier de l'Avent\"],\"inLanguage\":\"fr-FR\",\"potentialAction\":[{\"@type\":\"CommentAction\",\"name\":\"Comment\",\"target\":[\"https:\\\/\\\/pba.mmsh.fr\\\/?p=1005#respond\"]}]},{\"@type\":\"WebPage\",\"@id\":\"https:\\\/\\\/pba.mmsh.fr\\\/?p=1005\",\"url\":\"https:\\\/\\\/pba.mmsh.fr\\\/?p=1005\",\"name\":\"AVENT 2023 - Jour 12 - P\u00f4le Biblioth\u00e8ques et Archives de la MMSH\",\"isPartOf\":{\"@id\":\"https:\\\/\\\/pba.mmsh.fr\\\/#website\"},\"primaryImageOfPage\":{\"@id\":\"https:\\\/\\\/pba.mmsh.fr\\\/?p=1005#primaryimage\"},\"image\":{\"@id\":\"https:\\\/\\\/pba.mmsh.fr\\\/?p=1005#primaryimage\"},\"thumbnailUrl\":\"https:\\\/\\\/pba.mmsh.fr\\\/wp-content\\\/uploads\\\/2023\\\/12\\\/danse.png\",\"datePublished\":\"2023-12-12T05:00:26+00:00\",\"dateModified\":\"2024-04-17T08:52:05+00:00\",\"breadcrumb\":{\"@id\":\"https:\\\/\\\/pba.mmsh.fr\\\/?p=1005#breadcrumb\"},\"inLanguage\":\"fr-FR\",\"potentialAction\":[{\"@type\":\"ReadAction\",\"target\":[\"https:\\\/\\\/pba.mmsh.fr\\\/?p=1005\"]}]},{\"@type\":\"ImageObject\",\"inLanguage\":\"fr-FR\",\"@id\":\"https:\\\/\\\/pba.mmsh.fr\\\/?p=1005#primaryimage\",\"url\":\"https:\\\/\\\/pba.mmsh.fr\\\/wp-content\\\/uploads\\\/2023\\\/12\\\/danse.png\",\"contentUrl\":\"https:\\\/\\\/pba.mmsh.fr\\\/wp-content\\\/uploads\\\/2023\\\/12\\\/danse.png\",\"width\":640,\"height\":460,\"caption\":\"Farandole\"},{\"@type\":\"BreadcrumbList\",\"@id\":\"https:\\\/\\\/pba.mmsh.fr\\\/?p=1005#breadcrumb\",\"itemListElement\":[{\"@type\":\"ListItem\",\"position\":1,\"name\":\"Accueil\",\"item\":\"https:\\\/\\\/pba.mmsh.fr\\\/\"},{\"@type\":\"ListItem\",\"position\":2,\"name\":\"AVENT 2023 &#8211; Jour 12\"}]},{\"@type\":\"WebSite\",\"@id\":\"https:\\\/\\\/pba.mmsh.fr\\\/#website\",\"url\":\"https:\\\/\\\/pba.mmsh.fr\\\/\",\"name\":\"P\u00f4le Biblioth\u00e8ques et Archives de la MMSH\",\"description\":\"Biblioth\u00e8ques et Archives \u00e0 la Maison m\u00e9diterran\u00e9enne des sciences de l\u2019homme\",\"publisher\":{\"@id\":\"https:\\\/\\\/pba.mmsh.fr\\\/#organization\"},\"potentialAction\":[{\"@type\":\"SearchAction\",\"target\":{\"@type\":\"EntryPoint\",\"urlTemplate\":\"https:\\\/\\\/pba.mmsh.fr\\\/?s={search_term_string}\"},\"query-input\":{\"@type\":\"PropertyValueSpecification\",\"valueRequired\":true,\"valueName\":\"search_term_string\"}}],\"inLanguage\":\"fr-FR\"},{\"@type\":\"Organization\",\"@id\":\"https:\\\/\\\/pba.mmsh.fr\\\/#organization\",\"name\":\"P\u00f4le Biblioth\u00e8ques et Archives de la MMSH\",\"url\":\"https:\\\/\\\/pba.mmsh.fr\\\/\",\"logo\":{\"@type\":\"ImageObject\",\"inLanguage\":\"fr-FR\",\"@id\":\"https:\\\/\\\/pba.mmsh.fr\\\/#\\\/schema\\\/logo\\\/image\\\/\",\"url\":\"https:\\\/\\\/pba.mmsh.fr\\\/wp-content\\\/uploads\\\/2026\\\/01\\\/cropped-cropped-LOGO-UAR-MMSHS-coul.png\",\"contentUrl\":\"https:\\\/\\\/pba.mmsh.fr\\\/wp-content\\\/uploads\\\/2026\\\/01\\\/cropped-cropped-LOGO-UAR-MMSHS-coul.png\",\"width\":1161,\"height\":303,\"caption\":\"P\u00f4le Biblioth\u00e8ques et Archives de la MMSH\"},\"image\":{\"@id\":\"https:\\\/\\\/pba.mmsh.fr\\\/#\\\/schema\\\/logo\\\/image\\\/\"}},{\"@type\":\"Person\",\"@id\":\"https:\\\/\\\/pba.mmsh.fr\\\/#\\\/schema\\\/person\\\/8a97db2e3f0a73b41ab01cd25eb99682\",\"name\":\"V\u00e9ronique Ginouves\",\"image\":{\"@type\":\"ImageObject\",\"inLanguage\":\"fr-FR\",\"@id\":\"https:\\\/\\\/secure.gravatar.com\\\/avatar\\\/382e7459f3c6b6f954d8e875d9e211927a78e76138dd8ac149d5c6ff14523297?s=96&d=mm&r=g\",\"url\":\"https:\\\/\\\/secure.gravatar.com\\\/avatar\\\/382e7459f3c6b6f954d8e875d9e211927a78e76138dd8ac149d5c6ff14523297?s=96&d=mm&r=g\",\"contentUrl\":\"https:\\\/\\\/secure.gravatar.com\\\/avatar\\\/382e7459f3c6b6f954d8e875d9e211927a78e76138dd8ac149d5c6ff14523297?s=96&d=mm&r=g\",\"caption\":\"V\u00e9ronique Ginouves\"},\"sameAs\":[\"https:\\\/\\\/phonotheque.hypotheses.org\"],\"url\":\"https:\\\/\\\/pba.mmsh.fr\\\/?author=6\"}]}<\/script>\n<!-- \/ Yoast SEO plugin. -->","yoast_head_json":{"title":"AVENT 2023 - Jour 12 - P\u00f4le Biblioth\u00e8ques et Archives de la MMSH","robots":{"index":"index","follow":"follow","max-snippet":"max-snippet:-1","max-image-preview":"max-image-preview:large","max-video-preview":"max-video-preview:-1"},"canonical":"https:\/\/pba.mmsh.fr\/?p=1005","og_locale":"fr_FR","og_type":"article","og_title":"AVENT 2023 - Jour 12 - P\u00f4le Biblioth\u00e8ques et Archives de la MMSH","og_description":"Souvenir n\u00b0168 : \u00ab\u00a0Je me souviens des \u00ab\u00a0Bals populaires\u00a0\u00bb et de Pierre.\u00a0\u00bb (Georges Perec, Je me souviens, 1978) Je me souviens qu&rsquo;au moment d&rsquo;indexer cette image je me suis dit que rien ne pourrait d\u00e9crire mieux la \u00ab\u00a0L\u00e9g\u00e8ret\u00e9 de la danse\u00a0\u00bb Consulter la notice de la photographie sur Calames. Description de la photographie (cote LAN-I-013)&hellip; Poursuivre la lecture AVENT 2023 &#8211; Jour 12","og_url":"https:\/\/pba.mmsh.fr\/?p=1005","og_site_name":"P\u00f4le Biblioth\u00e8ques et Archives de la MMSH","article_published_time":"2023-12-12T05:00:26+00:00","article_modified_time":"2024-04-17T08:52:05+00:00","og_image":[{"width":640,"height":460,"url":"https:\/\/pba.mmsh.fr\/wp-content\/uploads\/2023\/12\/danse.png","type":"image\/png"}],"author":"V\u00e9ronique Ginouves","twitter_card":"summary_large_image","twitter_misc":{"\u00c9crit par":"V\u00e9ronique Ginouves","Dur\u00e9e de lecture estim\u00e9e":"2 minutes"},"schema":{"@context":"https:\/\/schema.org","@graph":[{"@type":"Article","@id":"https:\/\/pba.mmsh.fr\/?p=1005#article","isPartOf":{"@id":"https:\/\/pba.mmsh.fr\/?p=1005"},"author":{"name":"V\u00e9ronique Ginouves","@id":"https:\/\/pba.mmsh.fr\/#\/schema\/person\/8a97db2e3f0a73b41ab01cd25eb99682"},"headline":"AVENT 2023 &#8211; Jour 12","datePublished":"2023-12-12T05:00:26+00:00","dateModified":"2024-04-17T08:52:05+00:00","mainEntityOfPage":{"@id":"https:\/\/pba.mmsh.fr\/?p=1005"},"wordCount":320,"commentCount":1,"publisher":{"@id":"https:\/\/pba.mmsh.fr\/#organization"},"image":{"@id":"https:\/\/pba.mmsh.fr\/?p=1005#primaryimage"},"thumbnailUrl":"https:\/\/pba.mmsh.fr\/wp-content\/uploads\/2023\/12\/danse.png","keywords":["Je me souviens"],"articleSection":["Archives","Calendrier de l'Avent"],"inLanguage":"fr-FR","potentialAction":[{"@type":"CommentAction","name":"Comment","target":["https:\/\/pba.mmsh.fr\/?p=1005#respond"]}]},{"@type":"WebPage","@id":"https:\/\/pba.mmsh.fr\/?p=1005","url":"https:\/\/pba.mmsh.fr\/?p=1005","name":"AVENT 2023 - Jour 12 - P\u00f4le Biblioth\u00e8ques et Archives de la MMSH","isPartOf":{"@id":"https:\/\/pba.mmsh.fr\/#website"},"primaryImageOfPage":{"@id":"https:\/\/pba.mmsh.fr\/?p=1005#primaryimage"},"image":{"@id":"https:\/\/pba.mmsh.fr\/?p=1005#primaryimage"},"thumbnailUrl":"https:\/\/pba.mmsh.fr\/wp-content\/uploads\/2023\/12\/danse.png","datePublished":"2023-12-12T05:00:26+00:00","dateModified":"2024-04-17T08:52:05+00:00","breadcrumb":{"@id":"https:\/\/pba.mmsh.fr\/?p=1005#breadcrumb"},"inLanguage":"fr-FR","potentialAction":[{"@type":"ReadAction","target":["https:\/\/pba.mmsh.fr\/?p=1005"]}]},{"@type":"ImageObject","inLanguage":"fr-FR","@id":"https:\/\/pba.mmsh.fr\/?p=1005#primaryimage","url":"https:\/\/pba.mmsh.fr\/wp-content\/uploads\/2023\/12\/danse.png","contentUrl":"https:\/\/pba.mmsh.fr\/wp-content\/uploads\/2023\/12\/danse.png","width":640,"height":460,"caption":"Farandole"},{"@type":"BreadcrumbList","@id":"https:\/\/pba.mmsh.fr\/?p=1005#breadcrumb","itemListElement":[{"@type":"ListItem","position":1,"name":"Accueil","item":"https:\/\/pba.mmsh.fr\/"},{"@type":"ListItem","position":2,"name":"AVENT 2023 &#8211; Jour 12"}]},{"@type":"WebSite","@id":"https:\/\/pba.mmsh.fr\/#website","url":"https:\/\/pba.mmsh.fr\/","name":"P\u00f4le Biblioth\u00e8ques et Archives de la MMSH","description":"Biblioth\u00e8ques et Archives \u00e0 la Maison m\u00e9diterran\u00e9enne des sciences de l\u2019homme","publisher":{"@id":"https:\/\/pba.mmsh.fr\/#organization"},"potentialAction":[{"@type":"SearchAction","target":{"@type":"EntryPoint","urlTemplate":"https:\/\/pba.mmsh.fr\/?s={search_term_string}"},"query-input":{"@type":"PropertyValueSpecification","valueRequired":true,"valueName":"search_term_string"}}],"inLanguage":"fr-FR"},{"@type":"Organization","@id":"https:\/\/pba.mmsh.fr\/#organization","name":"P\u00f4le Biblioth\u00e8ques et Archives de la MMSH","url":"https:\/\/pba.mmsh.fr\/","logo":{"@type":"ImageObject","inLanguage":"fr-FR","@id":"https:\/\/pba.mmsh.fr\/#\/schema\/logo\/image\/","url":"https:\/\/pba.mmsh.fr\/wp-content\/uploads\/2026\/01\/cropped-cropped-LOGO-UAR-MMSHS-coul.png","contentUrl":"https:\/\/pba.mmsh.fr\/wp-content\/uploads\/2026\/01\/cropped-cropped-LOGO-UAR-MMSHS-coul.png","width":1161,"height":303,"caption":"P\u00f4le Biblioth\u00e8ques et Archives de la MMSH"},"image":{"@id":"https:\/\/pba.mmsh.fr\/#\/schema\/logo\/image\/"}},{"@type":"Person","@id":"https:\/\/pba.mmsh.fr\/#\/schema\/person\/8a97db2e3f0a73b41ab01cd25eb99682","name":"V\u00e9ronique Ginouves","image":{"@type":"ImageObject","inLanguage":"fr-FR","@id":"https:\/\/secure.gravatar.com\/avatar\/382e7459f3c6b6f954d8e875d9e211927a78e76138dd8ac149d5c6ff14523297?s=96&d=mm&r=g","url":"https:\/\/secure.gravatar.com\/avatar\/382e7459f3c6b6f954d8e875d9e211927a78e76138dd8ac149d5c6ff14523297?s=96&d=mm&r=g","contentUrl":"https:\/\/secure.gravatar.com\/avatar\/382e7459f3c6b6f954d8e875d9e211927a78e76138dd8ac149d5c6ff14523297?s=96&d=mm&r=g","caption":"V\u00e9ronique Ginouves"},"sameAs":["https:\/\/phonotheque.hypotheses.org"],"url":"https:\/\/pba.mmsh.fr\/?author=6"}]}},"_links":{"self":[{"href":"https:\/\/pba.mmsh.fr\/index.php?rest_route=\/wp\/v2\/posts\/1005","targetHints":{"allow":["GET"]}}],"collection":[{"href":"https:\/\/pba.mmsh.fr\/index.php?rest_route=\/wp\/v2\/posts"}],"about":[{"href":"https:\/\/pba.mmsh.fr\/index.php?rest_route=\/wp\/v2\/types\/post"}],"author":[{"embeddable":true,"href":"https:\/\/pba.mmsh.fr\/index.php?rest_route=\/wp\/v2\/users\/6"}],"replies":[{"embeddable":true,"href":"https:\/\/pba.mmsh.fr\/index.php?rest_route=%2Fwp%2Fv2%2Fcomments&post=1005"}],"version-history":[{"count":8,"href":"https:\/\/pba.mmsh.fr\/index.php?rest_route=\/wp\/v2\/posts\/1005\/revisions"}],"predecessor-version":[{"id":1630,"href":"https:\/\/pba.mmsh.fr\/index.php?rest_route=\/wp\/v2\/posts\/1005\/revisions\/1630"}],"wp:featuredmedia":[{"embeddable":true,"href":"https:\/\/pba.mmsh.fr\/index.php?rest_route=\/wp\/v2\/media\/1281"}],"wp:attachment":[{"href":"https:\/\/pba.mmsh.fr\/index.php?rest_route=%2Fwp%2Fv2%2Fmedia&parent=1005"}],"wp:term":[{"taxonomy":"category","embeddable":true,"href":"https:\/\/pba.mmsh.fr\/index.php?rest_route=%2Fwp%2Fv2%2Fcategories&post=1005"},{"taxonomy":"post_tag","embeddable":true,"href":"https:\/\/pba.mmsh.fr\/index.php?rest_route=%2Fwp%2Fv2%2Ftags&post=1005"}],"curies":[{"name":"wp","href":"https:\/\/api.w.org\/{rel}","templated":true}]}}