{"id":1007,"date":"2023-12-13T06:00:54","date_gmt":"2023-12-13T05:00:54","guid":{"rendered":"https:\/\/pba.mmsh.fr\/?p=1007"},"modified":"2024-04-17T10:49:02","modified_gmt":"2024-04-17T08:49:02","slug":"avent-2023-jour-13","status":"publish","type":"post","link":"https:\/\/pba.mmsh.fr\/?p=1007","title":{"rendered":"AVENT 2023 &#8211; Jour 13"},"content":{"rendered":"<div class='__iawmlf-post-loop-links' style='display:none;' data-iawmlf-post-links='[{&quot;id&quot;:261,&quot;href&quot;:&quot;https:\\\/\\\/www.copeia-arles.com&quot;,&quot;archived_href&quot;:&quot;https:\\\/\\\/web-wp.archive.org\\\/web\\\/20260417024000\\\/https:\\\/\\\/www.copeia-arles.com\\\/&quot;,&quot;redirect_href&quot;:&quot;&quot;,&quot;checks&quot;:[],&quot;broken&quot;:false,&quot;last_checked&quot;:null,&quot;process&quot;:&quot;done&quot;},{&quot;id&quot;:262,&quot;href&quot;:&quot;http:\\\/\\\/www.calames.abes.fr\\\/pub\\\/ms\\\/FileId-4614&quot;,&quot;archived_href&quot;:&quot;https:\\\/\\\/web-wp.archive.org\\\/web\\\/20250821221850\\\/https:\\\/\\\/calames.abes.fr\\\/pub\\\/ms\\\/FileId-4614&quot;,&quot;redirect_href&quot;:&quot;&quot;,&quot;checks&quot;:[{&quot;date&quot;:&quot;2026-04-16 19:55:03&quot;,&quot;http_code&quot;:200}],&quot;broken&quot;:false,&quot;last_checked&quot;:{&quot;date&quot;:&quot;2026-04-16 19:55:03&quot;,&quot;http_code&quot;:200},&quot;process&quot;:&quot;done&quot;},{&quot;id&quot;:263,&quot;href&quot;:&quot;http:\\\/\\\/phonotheque.mmsh.huma-num.fr\\\/dyn\\\/portal\\\/index.xhtml?page=alo&amp;aloId=10312&quot;,&quot;archived_href&quot;:&quot;&quot;,&quot;redirect_href&quot;:&quot;&quot;,&quot;checks&quot;:[],&quot;broken&quot;:false,&quot;last_checked&quot;:null,&quot;process&quot;:&quot;done&quot;},{&quot;id&quot;:264,&quot;href&quot;:&quot;https:\\\/\\\/multimedia.mmsh.univ-aix.fr\\\/phonotheque-4162&quot;,&quot;archived_href&quot;:&quot;https:\\\/\\\/web-wp.archive.org\\\/web\\\/20251116132914\\\/https:\\\/\\\/multimedia.mmsh.univ-aix.fr\\\/phonotheque-4162&quot;,&quot;redirect_href&quot;:&quot;&quot;,&quot;checks&quot;:[],&quot;broken&quot;:false,&quot;last_checked&quot;:null,&quot;process&quot;:&quot;done&quot;},{&quot;id&quot;:265,&quot;href&quot;:&quot;http:\\\/\\\/phonotheque.mmsh.huma-num.fr\\\/dyn\\\/portal\\\/index.xhtml?page=alo&amp;aloId=12686&quot;,&quot;archived_href&quot;:&quot;&quot;,&quot;redirect_href&quot;:&quot;&quot;,&quot;checks&quot;:[],&quot;broken&quot;:false,&quot;last_checked&quot;:null,&quot;process&quot;:&quot;done&quot;},{&quot;id&quot;:266,&quot;href&quot;:&quot;https:\\\/\\\/multimedia.mmsh.univ-aix.fr\\\/phonotheque-5539&quot;,&quot;archived_href&quot;:&quot;&quot;,&quot;redirect_href&quot;:&quot;&quot;,&quot;checks&quot;:[],&quot;broken&quot;:false,&quot;last_checked&quot;:null,&quot;process&quot;:&quot;done&quot;},{&quot;id&quot;:267,&quot;href&quot;:&quot;http:\\\/\\\/www.calames.abes.fr\\\/pub\\\/ms\\\/Calames-2023100410313686021&quot;,&quot;archived_href&quot;:&quot;&quot;,&quot;redirect_href&quot;:&quot;https:\\\/\\\/calames.abes.fr\\\/pub\\\/ms\\\/Calames-2023100410313686021&quot;,&quot;checks&quot;:[],&quot;broken&quot;:false,&quot;last_checked&quot;:null,&quot;process&quot;:&quot;done&quot;},{&quot;id&quot;:268,&quot;href&quot;:&quot;http:\\\/\\\/multimedia.mmsh.univ-aix.fr\\\/phonotheque-419_9&quot;,&quot;archived_href&quot;:&quot;https:\\\/\\\/web-wp.archive.org\\\/web\\\/20260416201005\\\/https:\\\/\\\/multimedia.mmsh.univ-aix.fr\\\/phonotheque-419_9&quot;,&quot;redirect_href&quot;:&quot;https:\\\/\\\/multimedia.mmsh.univ-aix.fr\\\/phonotheque-419_9&quot;,&quot;checks&quot;:[],&quot;broken&quot;:false,&quot;last_checked&quot;:null,&quot;process&quot;:&quot;done&quot;},{&quot;id&quot;:269,&quot;href&quot;:&quot;http:\\\/\\\/www.calames.abes.fr\\\/pub\\\/ms\\\/Calames-2023090515582954419&quot;,&quot;archived_href&quot;:&quot;https:\\\/\\\/web-wp.archive.org\\\/web\\\/20241105234703\\\/https:\\\/\\\/calames.abes.fr\\\/pub\\\/ms\\\/Calames-2023090515582954419&quot;,&quot;redirect_href&quot;:&quot;https:\\\/\\\/calames.abes.fr\\\/pub\\\/ms\\\/Calames-2023090515582954419&quot;,&quot;checks&quot;:[],&quot;broken&quot;:false,&quot;last_checked&quot;:null,&quot;process&quot;:&quot;done&quot;},{&quot;id&quot;:270,&quot;href&quot;:&quot;http:\\\/\\\/multimedia.mmsh.univ-aix.fr\\\/phonotheque-5539&quot;,&quot;archived_href&quot;:&quot;&quot;,&quot;redirect_href&quot;:&quot;&quot;,&quot;checks&quot;:[],&quot;broken&quot;:false,&quot;last_checked&quot;:null,&quot;process&quot;:&quot;done&quot;},{&quot;id&quot;:271,&quot;href&quot;:&quot;https:\\\/\\\/media.hal.science\\\/hal-03373870&quot;,&quot;archived_href&quot;:&quot;&quot;,&quot;redirect_href&quot;:&quot;&quot;,&quot;checks&quot;:[],&quot;broken&quot;:false,&quot;last_checked&quot;:null,&quot;process&quot;:&quot;done&quot;},{&quot;id&quot;:272,&quot;href&quot;:&quot;https:\\\/\\\/www.sudoc.fr\\\/251734307&quot;,&quot;archived_href&quot;:&quot;&quot;,&quot;redirect_href&quot;:&quot;&quot;,&quot;checks&quot;:[],&quot;broken&quot;:false,&quot;last_checked&quot;:null,&quot;process&quot;:&quot;done&quot;}]'><\/div>\n<p class=\"has-text-align-left\">Souvenir n\u00b037 :<\/p>\n\n\n\n<p class=\"has-text-align-center\"><mark style=\"background-color:#D1E4DD\" class=\"has-inline-color\"><strong>\u00ab\u00a0Je me souviens du premier aspirateur, quel plaisir <\/strong><br><strong>la premi\u00e8re fois.\u00a0\u00bb <\/strong><br>(Georges Perec, <em>Je me souviens<\/em>, 1978)<\/mark><\/p>\n\n\n\n<p>Ah l&rsquo;aspirateur ! Je dois vous pr\u00e9venir que je ne suis pas une grande adepte de l&rsquo;aspirateur. J&rsquo;aime mieux le balai, silencieux et plus fantaisiste, avec ses formes en brosse, \u00e0 retroussis, \u00e0 rebords, \u00e0 semelle, \u00e0 piassava, en ciseaux, \u00e0 l&rsquo;espagnol, de cantonnier ou de coiffeur, z\u00e9br\u00e9, en chiendent, en paille de riz, en fibres de coco ou de bourre de palmier (comme sur la photo ci-dessous), en soie&#8230; sans oublier ses pouvoirs magiques, surtout quand on est sorci\u00e8re ! Et m\u00eame si la formation de petits tas de poussi\u00e8res \u00e0 ramasser \u00e0 la pelle constitue un d\u00e9savantage pratique certain, car il en reste toujours un peu et l&rsquo;on finit souvent par marcher dessus. Je ne sais pas si le plaisir de Perec est celui de la magie des premi\u00e8res fois, s&rsquo;il a perdur\u00e9 dans le temps ou si au contraire il s&rsquo;est mis \u00e0 d\u00e9tester \u00e7a ensuite. Peut-\u00eatre que j&rsquo;ai \u00e9prouv\u00e9 comme lui un amusement la premi\u00e8re fois que j&rsquo;ai branch\u00e9 l&rsquo;engin et aspir\u00e9 des moutons de poussi\u00e8re. Aujourd&rsquo;hui, je dois pourtant avouer que voir la poussi\u00e8re s&rsquo;\u00e9vanouir d&rsquo;une \u00e9tag\u00e8re de livres ou d&rsquo;une couverture d&rsquo;ouvrage est une sensation tr\u00e8s plaisante !<\/p>\n\n\n<div class=\"wp-block-image\">\n<figure class=\"aligncenter size-full\"><img loading=\"lazy\" decoding=\"async\" width=\"360\" height=\"480\" src=\"https:\/\/pba.mmsh.fr\/wp-content\/uploads\/2023\/12\/medihal_gast_balai.png\" alt=\"\" class=\"wp-image-1154\" srcset=\"https:\/\/pba.mmsh.fr\/wp-content\/uploads\/2023\/12\/medihal_gast_balai.png 360w, https:\/\/pba.mmsh.fr\/wp-content\/uploads\/2023\/12\/medihal_gast_balai-225x300.png 225w\" sizes=\"auto, (max-width: 360px) 100vw, 360px\" \/><\/figure>\n<\/div>\n\n\n<p>Car nous, biblioth\u00e9caires et archivistes, ne sommes pas que des experts en catalogage, nous sommes aussi des chasseurs de poussi\u00e8re et de moisissures, mais aussi de petits rongeurs et insectes parasites tels que les mus\u00e9ophages, les l\u00e9pismes du papier, les thermobies,&nbsp;les poissons d\u2019argent et les petits vers grignoteurs et perforateurs de livres et de manuscrits&#8230; Nous avons pour cela un arsenal d&rsquo;outils visant \u00e0 \u00e9viter leur pr\u00e9sence et prolif\u00e9ration : boites d&rsquo;archives r\u00e9sistantes en carton au ph neutre pour mettre les documents \u00e0 l\u2019abri de l\u2019humidit\u00e9 et de la poussi\u00e8re, thermo-hygrom\u00e8tres et r\u00e9gulateurs de temp\u00e9rature et d&rsquo;humidit\u00e9 contre les variations de temp\u00e9rature et la formation de champignons, pi\u00e8ges \u00e0 insectes et nuisibles, lingettes en microfibres, jusqu&rsquo;\u00e0 l&rsquo;aspirateur professionnel portable \u00e0 filtre retenant 99,97 % des particules de poussi\u00e8res, les moisissures, les bact\u00e9ries et les acariens, muni de mini brossettes adapt\u00e9es aux documents fragiles. Si c&rsquo;est n\u00e9cessaire, nous pouvons aussi faire appel \u00e0 des soci\u00e9t\u00e9s sp\u00e9cialis\u00e9es dans la restauration patrimoniale, notamment la soci\u00e9t\u00e9 <a href=\"https:\/\/www.copeia-arles.com\/\">Copeia<\/a> \u00e0 Arles avec laquelle nous avons travaill\u00e9 par exemple l&rsquo;an pass\u00e9 pour le d\u00e9poussi\u00e9rage, l&rsquo;analyse biologique et le reconditionnement du <a href=\"http:\/\/www.calames.abes.fr\/pub\/ms\/FileId-4614\">fonds de manuscrits berb\u00e8res Ars\u00e8ne Roux<\/a>. <sup data-fn=\"9b530207-4a76-4dd6-bc29-da0b1a7abe78\" class=\"fn\"><a href=\"#9b530207-4a76-4dd6-bc29-da0b1a7abe78\" id=\"9b530207-4a76-4dd6-bc29-da0b1a7abe78-link\">1<\/a><\/sup><\/p>\n\n\n\n<figure class=\"wp-block-image size-full\"><img loading=\"lazy\" decoding=\"async\" width=\"900\" height=\"530\" src=\"https:\/\/pba.mmsh.fr\/wp-content\/uploads\/2023\/12\/20220818_152505.jpg\" alt=\"\" class=\"wp-image-1141\" srcset=\"https:\/\/pba.mmsh.fr\/wp-content\/uploads\/2023\/12\/20220818_152505.jpg 900w, https:\/\/pba.mmsh.fr\/wp-content\/uploads\/2023\/12\/20220818_152505-300x177.jpg 300w, https:\/\/pba.mmsh.fr\/wp-content\/uploads\/2023\/12\/20220818_152505-768x452.jpg 768w\" sizes=\"auto, (max-width: 900px) 100vw, 900px\" \/><\/figure>\n\n\n\n<figure class=\"wp-block-image size-full\"><img loading=\"lazy\" decoding=\"async\" width=\"900\" height=\"675\" src=\"https:\/\/pba.mmsh.fr\/wp-content\/uploads\/2023\/12\/20220818_153438.jpg\" alt=\"\" class=\"wp-image-1142\" srcset=\"https:\/\/pba.mmsh.fr\/wp-content\/uploads\/2023\/12\/20220818_153438.jpg 900w, https:\/\/pba.mmsh.fr\/wp-content\/uploads\/2023\/12\/20220818_153438-300x225.jpg 300w, https:\/\/pba.mmsh.fr\/wp-content\/uploads\/2023\/12\/20220818_153438-768x576.jpg 768w\" sizes=\"auto, (max-width: 900px) 100vw, 900px\" \/><\/figure>\n\n\n\n<p>En mati\u00e8re de m\u00e9nage, les archives sonores de la phonoth\u00e8que peuvent aussi nous donner de bons conseils pratiques. Par exemple, les \u00ab\u00a0<a href=\"http:\/\/phonotheque.mmsh.huma-num.fr\/dyn\/portal\/index.xhtml?page=alo&amp;aloId=10312\"><strong>Souvenirs des cours d&rsquo;arts m\u00e9nagers pour jeunes filles dans les ann\u00e9es 30-40 et de l&rsquo;\u00e9conomie familiale par une femme de minotier \u00e0 la Mure-Argens (04)<\/strong><\/a>\u00a0\u00bb (n\u00b0 inventaire 4162) nous en livrent quelques-uns parmi lesquels, l&rsquo;utilisation de la peau de chamois pour nettoyer les objets et ustensiles, avec du gros sel et du jus de citron pour le cuivre, du bicarbonate de soude pour l&rsquo;argenterie, ou encore du gros sel et du vinaigre pour les carafes : <a href=\"https:\/\/multimedia.mmsh.univ-aix.fr\/phonotheque-4162\">\u00c9couter l&rsquo;archive sonore<\/a>. Cet autre \u00ab\u00a0<strong><a href=\"http:\/\/phonotheque.mmsh.huma-num.fr\/dyn\/portal\/index.xhtml?page=alo&amp;aloId=12686\">R\u00e9cit de vie d\u2019une ma\u00eetresse d\u2019enseignement m\u00e9nager de Belfort n\u00e9e en 1896<\/a>\u00a0\u00bb <\/strong>\u00e9voque le programme de ces cycles de formation au travail domestique : <a href=\"https:\/\/multimedia.mmsh.univ-aix.fr\/phonotheque-5539\">Ecouter l&rsquo;archive sonore<\/a>.<\/p>\n\n\n\n<p>Ces cours de m\u00e9nage auraient sans doute plu au Fossat, personnage notoire de la Loz\u00e8re, f\u00e9ru de propret\u00e9, \u00e9voqu\u00e9 dans les enqu\u00eates de Claudette Castell et Nicole Coulomb sur la \u00ab\u00a0<a href=\"http:\/\/www.calames.abes.fr\/pub\/ms\/Calames-2023100410313686021\">M\u00e9moire orale du Mont-Loz\u00e8re\u00a0\u00bb<\/a>, en particulier dans l&rsquo;entretien \u00ab\u00a0Le C\u00e9libataire et le m\u00e9nage mal fait\u00a0\u00bb (n\u00b0 d&rsquo;inventaire 419_9), cont\u00e9 par un ancien agriculteur c\u00e9venol : <a href=\"http:\/\/multimedia.mmsh.univ-aix.fr\/phonotheque-419_9\" target=\"_blank\" rel=\"noreferrer noopener\">Ecouter l&rsquo;archive sonore<\/a>.<\/p>\n\n\n\n<p>Enfin, comment parler d&rsquo;aspirateur et de m\u00e9nage sans \u00e9voquer les sempiternelles pol\u00e9miques familiales ou querelles conjugales \u00e0 ce sujet, comme l&rsquo;illustre l&rsquo;entretien des deux chercheuses avec Marcel Volpili\u00e8re, qui raconte les aventures d&rsquo;un homme et d&rsquo;une femme qui d\u00e9cident, pour la journ\u00e9e, d&rsquo;\u00e9changer leur travail. Le mari se charge de la cuisine et de garder la vache, la femme de travailler dehors pour faucher : \u00ab\u00a0<strong><a href=\"http:\/\/www.calames.abes.fr\/pub\/ms\/Calames-2023090515582954419\">Le d\u00e9saccord du m\u00e9nage<\/a><\/strong>\u00a0\u00bb (n\u00b0 d&rsquo;inventaire 402-18) : <a href=\"http:\/\/multimedia.mmsh.univ-aix.fr\/phonotheque-5539\">Ecouter l&rsquo;archive sonore<\/a> <\/p>\n\n\n\n<p><strong><em>Cr\u00e9dits photographiques :<\/em><\/strong><br>1. <em>Sc\u00e8ne de m\u00e9nage \u00e0 la phonoth\u00e8que, M\u00e9diath\u00e8que de la MMSH, photographie par M. Buono, le 5 d\u00e9cembre 2023<\/em><br>2. <em>Marceau Gast. Fonds <em>Marceau Gast <\/em>&#8211; Alimentation de la population de l\u2019Ahaggar &#8211; Le repas de dattes pil\u00e9es &#8211; Nettoyage de la meule par une femme touareg. Photographie. Aix Marseille Univ, CNRS, MMSH, Aix-en-Provence, France &#8211; Phonoth\u00e8que de la Maison m\u00e9diterran\u00e9enne des sciences de l&rsquo;homme, Id\u00e9l\u00e8s, Algerie. 1964.&nbsp;<a href=\"https:\/\/media.hal.science\/hal-03373870\" target=\"_blank\" rel=\"noreferrer noopener\">\u27e8hal-03373870\u27e9<\/a><\/em><br>3, 4. <em>Exemple d<\/em>&lsquo;<em>un<\/em> <em>manuscrit ancien du fonds Roux (MS_11, XVIII<\/em>e<em> si\u00e8cle) pr\u00e9sentant des traces de galeries d&rsquo;insectes pr\u00e9sentes avant la collecte par la m\u00e9diath\u00e8que de la MMSH, signal\u00e9es dans le catalogue de <a href=\"https:\/\/www.sudoc.fr\/251734307\" target=\"_blank\" rel=\"noreferrer noopener\">Harry Stroome<\/a><\/em>r<\/p>\n\n\n<ol class=\"wp-block-footnotes\"><li id=\"9b530207-4a76-4dd6-bc29-da0b1a7abe78\"><a href=\"https:\/\/phonotheque.hypotheses.org\/34382\">Voir l&rsquo;article<\/a> pr\u00e9sentant le fonds Roux sur Les carnets de la phonoth\u00e8que <a href=\"#9b530207-4a76-4dd6-bc29-da0b1a7abe78-link\" aria-label=\"Aller \u00e0 la note de bas de page 1\">\u21a9\ufe0e<\/a><\/li><\/ol>","protected":false},"excerpt":{"rendered":"<p>Souvenir n\u00b037 : \u00ab\u00a0Je me souviens du premier aspirateur, quel plaisir la premi\u00e8re fois.\u00a0\u00bb (Georges Perec, Je me souviens, 1978) Ah l&rsquo;aspirateur ! Je dois vous pr\u00e9venir que je ne suis pas une grande adepte de l&rsquo;aspirateur. J&rsquo;aime mieux le balai, silencieux et plus fantaisiste, avec ses formes en brosse, \u00e0 retroussis, \u00e0 rebords, \u00e0&hellip; <a class=\"more-link\" href=\"https:\/\/pba.mmsh.fr\/?p=1007\">Poursuivre la lecture <span class=\"screen-reader-text\">AVENT 2023 &#8211; Jour 13<\/span><\/a><\/p>\n","protected":false},"author":4,"featured_media":1231,"comment_status":"open","ping_status":"open","sticky":false,"template":"","format":"standard","meta":{"footnotes":"[{\"content\":\"<a href=\\\"https:\/\/phonotheque.hypotheses.org\/34382\\\">Voir l'article<\/a> pr\u00e9sentant le fonds Roux sur Les carnets de la phonoth\u00e8que\",\"id\":\"9b530207-4a76-4dd6-bc29-da0b1a7abe78\"}]"},"categories":[41,66],"tags":[74,85,67,86],"class_list":["post-1007","post","type-post","status-publish","format-standard","has-post-thumbnail","hentry","category-archives","category-calendrier-de-lavent","tag-archives-orales","tag-conservation","tag-je-me-souviens","tag-phonotheque","entry"],"yoast_head":"<!-- This site is optimized with the Yoast SEO plugin v27.4 - https:\/\/yoast.com\/product\/yoast-seo-wordpress\/ -->\n<title>AVENT 2023 - Jour 13 - P\u00f4le Biblioth\u00e8ques et Archives de la MMSH<\/title>\n<meta name=\"robots\" content=\"index, follow, max-snippet:-1, max-image-preview:large, max-video-preview:-1\" \/>\n<link rel=\"canonical\" href=\"https:\/\/pba.mmsh.fr\/?p=1007\" \/>\n<meta property=\"og:locale\" content=\"fr_FR\" \/>\n<meta property=\"og:type\" content=\"article\" \/>\n<meta property=\"og:title\" content=\"AVENT 2023 - Jour 13 - P\u00f4le Biblioth\u00e8ques et Archives de la MMSH\" \/>\n<meta property=\"og:description\" content=\"Souvenir n\u00b037 : \u00ab\u00a0Je me souviens du premier aspirateur, quel plaisir la premi\u00e8re fois.\u00a0\u00bb (Georges Perec, Je me souviens, 1978) Ah l&rsquo;aspirateur ! Je dois vous pr\u00e9venir que je ne suis pas une grande adepte de l&rsquo;aspirateur. J&rsquo;aime mieux le balai, silencieux et plus fantaisiste, avec ses formes en brosse, \u00e0 retroussis, \u00e0 rebords, \u00e0&hellip; Poursuivre la lecture AVENT 2023 &#8211; Jour 13\" \/>\n<meta property=\"og:url\" content=\"https:\/\/pba.mmsh.fr\/?p=1007\" \/>\n<meta property=\"og:site_name\" content=\"P\u00f4le Biblioth\u00e8ques et Archives de la MMSH\" \/>\n<meta property=\"article:published_time\" content=\"2023-12-13T05:00:54+00:00\" \/>\n<meta property=\"article:modified_time\" content=\"2024-04-17T08:49:02+00:00\" \/>\n<meta property=\"og:image\" content=\"https:\/\/pba.mmsh.fr\/wp-content\/uploads\/2023\/12\/menage-phono-1-rotated-e1701855860914.jpg\" \/>\n\t<meta property=\"og:image:width\" content=\"563\" \/>\n\t<meta property=\"og:image:height\" content=\"651\" \/>\n\t<meta property=\"og:image:type\" content=\"image\/jpeg\" \/>\n<meta name=\"author\" content=\"Emilie Groshens\" \/>\n<meta name=\"twitter:card\" content=\"summary_large_image\" \/>\n<meta name=\"twitter:label1\" content=\"\u00c9crit par\" \/>\n\t<meta name=\"twitter:data1\" content=\"Emilie Groshens\" \/>\n\t<meta name=\"twitter:label2\" content=\"Dur\u00e9e de lecture estim\u00e9e\" \/>\n\t<meta name=\"twitter:data2\" content=\"1 minute\" \/>\n<script type=\"application\/ld+json\" class=\"yoast-schema-graph\">{\"@context\":\"https:\\\/\\\/schema.org\",\"@graph\":[{\"@type\":\"Article\",\"@id\":\"https:\\\/\\\/pba.mmsh.fr\\\/?p=1007#article\",\"isPartOf\":{\"@id\":\"https:\\\/\\\/pba.mmsh.fr\\\/?p=1007\"},\"author\":{\"name\":\"Emilie Groshens\",\"@id\":\"https:\\\/\\\/pba.mmsh.fr\\\/#\\\/schema\\\/person\\\/9e4006ea0cc9fe2033968a81fa833221\"},\"headline\":\"AVENT 2023 &#8211; Jour 13\",\"datePublished\":\"2023-12-13T05:00:54+00:00\",\"dateModified\":\"2024-04-17T08:49:02+00:00\",\"mainEntityOfPage\":{\"@id\":\"https:\\\/\\\/pba.mmsh.fr\\\/?p=1007\"},\"wordCount\":871,\"commentCount\":1,\"publisher\":{\"@id\":\"https:\\\/\\\/pba.mmsh.fr\\\/#organization\"},\"image\":{\"@id\":\"https:\\\/\\\/pba.mmsh.fr\\\/?p=1007#primaryimage\"},\"thumbnailUrl\":\"https:\\\/\\\/pba.mmsh.fr\\\/wp-content\\\/uploads\\\/2023\\\/12\\\/menage-phono-1-rotated-e1701855860914.jpg\",\"keywords\":[\"archives orales\",\"conservation\",\"Je me souviens\",\"phonoth\u00e8que\"],\"articleSection\":[\"Archives\",\"Calendrier de l'Avent\"],\"inLanguage\":\"fr-FR\",\"potentialAction\":[{\"@type\":\"CommentAction\",\"name\":\"Comment\",\"target\":[\"https:\\\/\\\/pba.mmsh.fr\\\/?p=1007#respond\"]}]},{\"@type\":\"WebPage\",\"@id\":\"https:\\\/\\\/pba.mmsh.fr\\\/?p=1007\",\"url\":\"https:\\\/\\\/pba.mmsh.fr\\\/?p=1007\",\"name\":\"AVENT 2023 - Jour 13 - P\u00f4le Biblioth\u00e8ques et Archives de la MMSH\",\"isPartOf\":{\"@id\":\"https:\\\/\\\/pba.mmsh.fr\\\/#website\"},\"primaryImageOfPage\":{\"@id\":\"https:\\\/\\\/pba.mmsh.fr\\\/?p=1007#primaryimage\"},\"image\":{\"@id\":\"https:\\\/\\\/pba.mmsh.fr\\\/?p=1007#primaryimage\"},\"thumbnailUrl\":\"https:\\\/\\\/pba.mmsh.fr\\\/wp-content\\\/uploads\\\/2023\\\/12\\\/menage-phono-1-rotated-e1701855860914.jpg\",\"datePublished\":\"2023-12-13T05:00:54+00:00\",\"dateModified\":\"2024-04-17T08:49:02+00:00\",\"breadcrumb\":{\"@id\":\"https:\\\/\\\/pba.mmsh.fr\\\/?p=1007#breadcrumb\"},\"inLanguage\":\"fr-FR\",\"potentialAction\":[{\"@type\":\"ReadAction\",\"target\":[\"https:\\\/\\\/pba.mmsh.fr\\\/?p=1007\"]}]},{\"@type\":\"ImageObject\",\"inLanguage\":\"fr-FR\",\"@id\":\"https:\\\/\\\/pba.mmsh.fr\\\/?p=1007#primaryimage\",\"url\":\"https:\\\/\\\/pba.mmsh.fr\\\/wp-content\\\/uploads\\\/2023\\\/12\\\/menage-phono-1-rotated-e1701855860914.jpg\",\"contentUrl\":\"https:\\\/\\\/pba.mmsh.fr\\\/wp-content\\\/uploads\\\/2023\\\/12\\\/menage-phono-1-rotated-e1701855860914.jpg\",\"width\":563,\"height\":651},{\"@type\":\"BreadcrumbList\",\"@id\":\"https:\\\/\\\/pba.mmsh.fr\\\/?p=1007#breadcrumb\",\"itemListElement\":[{\"@type\":\"ListItem\",\"position\":1,\"name\":\"Accueil\",\"item\":\"https:\\\/\\\/pba.mmsh.fr\\\/\"},{\"@type\":\"ListItem\",\"position\":2,\"name\":\"AVENT 2023 &#8211; Jour 13\"}]},{\"@type\":\"WebSite\",\"@id\":\"https:\\\/\\\/pba.mmsh.fr\\\/#website\",\"url\":\"https:\\\/\\\/pba.mmsh.fr\\\/\",\"name\":\"P\u00f4le Biblioth\u00e8ques et Archives de la MMSH\",\"description\":\"Biblioth\u00e8ques et Archives \u00e0 la Maison m\u00e9diterran\u00e9enne des sciences de l\u2019homme\",\"publisher\":{\"@id\":\"https:\\\/\\\/pba.mmsh.fr\\\/#organization\"},\"potentialAction\":[{\"@type\":\"SearchAction\",\"target\":{\"@type\":\"EntryPoint\",\"urlTemplate\":\"https:\\\/\\\/pba.mmsh.fr\\\/?s={search_term_string}\"},\"query-input\":{\"@type\":\"PropertyValueSpecification\",\"valueRequired\":true,\"valueName\":\"search_term_string\"}}],\"inLanguage\":\"fr-FR\"},{\"@type\":\"Organization\",\"@id\":\"https:\\\/\\\/pba.mmsh.fr\\\/#organization\",\"name\":\"P\u00f4le Biblioth\u00e8ques et Archives de la MMSH\",\"url\":\"https:\\\/\\\/pba.mmsh.fr\\\/\",\"logo\":{\"@type\":\"ImageObject\",\"inLanguage\":\"fr-FR\",\"@id\":\"https:\\\/\\\/pba.mmsh.fr\\\/#\\\/schema\\\/logo\\\/image\\\/\",\"url\":\"https:\\\/\\\/pba.mmsh.fr\\\/wp-content\\\/uploads\\\/2026\\\/01\\\/cropped-cropped-LOGO-UAR-MMSHS-coul.png\",\"contentUrl\":\"https:\\\/\\\/pba.mmsh.fr\\\/wp-content\\\/uploads\\\/2026\\\/01\\\/cropped-cropped-LOGO-UAR-MMSHS-coul.png\",\"width\":1161,\"height\":303,\"caption\":\"P\u00f4le Biblioth\u00e8ques et Archives de la MMSH\"},\"image\":{\"@id\":\"https:\\\/\\\/pba.mmsh.fr\\\/#\\\/schema\\\/logo\\\/image\\\/\"}},{\"@type\":\"Person\",\"@id\":\"https:\\\/\\\/pba.mmsh.fr\\\/#\\\/schema\\\/person\\\/9e4006ea0cc9fe2033968a81fa833221\",\"name\":\"Emilie Groshens\",\"image\":{\"@type\":\"ImageObject\",\"inLanguage\":\"fr-FR\",\"@id\":\"https:\\\/\\\/secure.gravatar.com\\\/avatar\\\/23e99ead3846ab2e4804ee2da3d6d8fd2353e40c87cf8171d452394634e49b13?s=96&d=mm&r=g\",\"url\":\"https:\\\/\\\/secure.gravatar.com\\\/avatar\\\/23e99ead3846ab2e4804ee2da3d6d8fd2353e40c87cf8171d452394634e49b13?s=96&d=mm&r=g\",\"contentUrl\":\"https:\\\/\\\/secure.gravatar.com\\\/avatar\\\/23e99ead3846ab2e4804ee2da3d6d8fd2353e40c87cf8171d452394634e49b13?s=96&d=mm&r=g\",\"caption\":\"Emilie Groshens\"},\"url\":\"https:\\\/\\\/pba.mmsh.fr\\\/?author=4\"}]}<\/script>\n<!-- \/ Yoast SEO plugin. -->","yoast_head_json":{"title":"AVENT 2023 - Jour 13 - P\u00f4le Biblioth\u00e8ques et Archives de la MMSH","robots":{"index":"index","follow":"follow","max-snippet":"max-snippet:-1","max-image-preview":"max-image-preview:large","max-video-preview":"max-video-preview:-1"},"canonical":"https:\/\/pba.mmsh.fr\/?p=1007","og_locale":"fr_FR","og_type":"article","og_title":"AVENT 2023 - Jour 13 - P\u00f4le Biblioth\u00e8ques et Archives de la MMSH","og_description":"Souvenir n\u00b037 : \u00ab\u00a0Je me souviens du premier aspirateur, quel plaisir la premi\u00e8re fois.\u00a0\u00bb (Georges Perec, Je me souviens, 1978) Ah l&rsquo;aspirateur ! Je dois vous pr\u00e9venir que je ne suis pas une grande adepte de l&rsquo;aspirateur. J&rsquo;aime mieux le balai, silencieux et plus fantaisiste, avec ses formes en brosse, \u00e0 retroussis, \u00e0 rebords, \u00e0&hellip; Poursuivre la lecture AVENT 2023 &#8211; Jour 13","og_url":"https:\/\/pba.mmsh.fr\/?p=1007","og_site_name":"P\u00f4le Biblioth\u00e8ques et Archives de la MMSH","article_published_time":"2023-12-13T05:00:54+00:00","article_modified_time":"2024-04-17T08:49:02+00:00","og_image":[{"width":563,"height":651,"url":"https:\/\/pba.mmsh.fr\/wp-content\/uploads\/2023\/12\/menage-phono-1-rotated-e1701855860914.jpg","type":"image\/jpeg"}],"author":"Emilie Groshens","twitter_card":"summary_large_image","twitter_misc":{"\u00c9crit par":"Emilie Groshens","Dur\u00e9e de lecture estim\u00e9e":"1 minute"},"schema":{"@context":"https:\/\/schema.org","@graph":[{"@type":"Article","@id":"https:\/\/pba.mmsh.fr\/?p=1007#article","isPartOf":{"@id":"https:\/\/pba.mmsh.fr\/?p=1007"},"author":{"name":"Emilie Groshens","@id":"https:\/\/pba.mmsh.fr\/#\/schema\/person\/9e4006ea0cc9fe2033968a81fa833221"},"headline":"AVENT 2023 &#8211; Jour 13","datePublished":"2023-12-13T05:00:54+00:00","dateModified":"2024-04-17T08:49:02+00:00","mainEntityOfPage":{"@id":"https:\/\/pba.mmsh.fr\/?p=1007"},"wordCount":871,"commentCount":1,"publisher":{"@id":"https:\/\/pba.mmsh.fr\/#organization"},"image":{"@id":"https:\/\/pba.mmsh.fr\/?p=1007#primaryimage"},"thumbnailUrl":"https:\/\/pba.mmsh.fr\/wp-content\/uploads\/2023\/12\/menage-phono-1-rotated-e1701855860914.jpg","keywords":["archives orales","conservation","Je me souviens","phonoth\u00e8que"],"articleSection":["Archives","Calendrier de l'Avent"],"inLanguage":"fr-FR","potentialAction":[{"@type":"CommentAction","name":"Comment","target":["https:\/\/pba.mmsh.fr\/?p=1007#respond"]}]},{"@type":"WebPage","@id":"https:\/\/pba.mmsh.fr\/?p=1007","url":"https:\/\/pba.mmsh.fr\/?p=1007","name":"AVENT 2023 - Jour 13 - P\u00f4le Biblioth\u00e8ques et Archives de la MMSH","isPartOf":{"@id":"https:\/\/pba.mmsh.fr\/#website"},"primaryImageOfPage":{"@id":"https:\/\/pba.mmsh.fr\/?p=1007#primaryimage"},"image":{"@id":"https:\/\/pba.mmsh.fr\/?p=1007#primaryimage"},"thumbnailUrl":"https:\/\/pba.mmsh.fr\/wp-content\/uploads\/2023\/12\/menage-phono-1-rotated-e1701855860914.jpg","datePublished":"2023-12-13T05:00:54+00:00","dateModified":"2024-04-17T08:49:02+00:00","breadcrumb":{"@id":"https:\/\/pba.mmsh.fr\/?p=1007#breadcrumb"},"inLanguage":"fr-FR","potentialAction":[{"@type":"ReadAction","target":["https:\/\/pba.mmsh.fr\/?p=1007"]}]},{"@type":"ImageObject","inLanguage":"fr-FR","@id":"https:\/\/pba.mmsh.fr\/?p=1007#primaryimage","url":"https:\/\/pba.mmsh.fr\/wp-content\/uploads\/2023\/12\/menage-phono-1-rotated-e1701855860914.jpg","contentUrl":"https:\/\/pba.mmsh.fr\/wp-content\/uploads\/2023\/12\/menage-phono-1-rotated-e1701855860914.jpg","width":563,"height":651},{"@type":"BreadcrumbList","@id":"https:\/\/pba.mmsh.fr\/?p=1007#breadcrumb","itemListElement":[{"@type":"ListItem","position":1,"name":"Accueil","item":"https:\/\/pba.mmsh.fr\/"},{"@type":"ListItem","position":2,"name":"AVENT 2023 &#8211; Jour 13"}]},{"@type":"WebSite","@id":"https:\/\/pba.mmsh.fr\/#website","url":"https:\/\/pba.mmsh.fr\/","name":"P\u00f4le Biblioth\u00e8ques et Archives de la MMSH","description":"Biblioth\u00e8ques et Archives \u00e0 la Maison m\u00e9diterran\u00e9enne des sciences de l\u2019homme","publisher":{"@id":"https:\/\/pba.mmsh.fr\/#organization"},"potentialAction":[{"@type":"SearchAction","target":{"@type":"EntryPoint","urlTemplate":"https:\/\/pba.mmsh.fr\/?s={search_term_string}"},"query-input":{"@type":"PropertyValueSpecification","valueRequired":true,"valueName":"search_term_string"}}],"inLanguage":"fr-FR"},{"@type":"Organization","@id":"https:\/\/pba.mmsh.fr\/#organization","name":"P\u00f4le Biblioth\u00e8ques et Archives de la MMSH","url":"https:\/\/pba.mmsh.fr\/","logo":{"@type":"ImageObject","inLanguage":"fr-FR","@id":"https:\/\/pba.mmsh.fr\/#\/schema\/logo\/image\/","url":"https:\/\/pba.mmsh.fr\/wp-content\/uploads\/2026\/01\/cropped-cropped-LOGO-UAR-MMSHS-coul.png","contentUrl":"https:\/\/pba.mmsh.fr\/wp-content\/uploads\/2026\/01\/cropped-cropped-LOGO-UAR-MMSHS-coul.png","width":1161,"height":303,"caption":"P\u00f4le Biblioth\u00e8ques et Archives de la MMSH"},"image":{"@id":"https:\/\/pba.mmsh.fr\/#\/schema\/logo\/image\/"}},{"@type":"Person","@id":"https:\/\/pba.mmsh.fr\/#\/schema\/person\/9e4006ea0cc9fe2033968a81fa833221","name":"Emilie Groshens","image":{"@type":"ImageObject","inLanguage":"fr-FR","@id":"https:\/\/secure.gravatar.com\/avatar\/23e99ead3846ab2e4804ee2da3d6d8fd2353e40c87cf8171d452394634e49b13?s=96&d=mm&r=g","url":"https:\/\/secure.gravatar.com\/avatar\/23e99ead3846ab2e4804ee2da3d6d8fd2353e40c87cf8171d452394634e49b13?s=96&d=mm&r=g","contentUrl":"https:\/\/secure.gravatar.com\/avatar\/23e99ead3846ab2e4804ee2da3d6d8fd2353e40c87cf8171d452394634e49b13?s=96&d=mm&r=g","caption":"Emilie Groshens"},"url":"https:\/\/pba.mmsh.fr\/?author=4"}]}},"_links":{"self":[{"href":"https:\/\/pba.mmsh.fr\/index.php?rest_route=\/wp\/v2\/posts\/1007","targetHints":{"allow":["GET"]}}],"collection":[{"href":"https:\/\/pba.mmsh.fr\/index.php?rest_route=\/wp\/v2\/posts"}],"about":[{"href":"https:\/\/pba.mmsh.fr\/index.php?rest_route=\/wp\/v2\/types\/post"}],"author":[{"embeddable":true,"href":"https:\/\/pba.mmsh.fr\/index.php?rest_route=\/wp\/v2\/users\/4"}],"replies":[{"embeddable":true,"href":"https:\/\/pba.mmsh.fr\/index.php?rest_route=%2Fwp%2Fv2%2Fcomments&post=1007"}],"version-history":[{"count":49,"href":"https:\/\/pba.mmsh.fr\/index.php?rest_route=\/wp\/v2\/posts\/1007\/revisions"}],"predecessor-version":[{"id":1629,"href":"https:\/\/pba.mmsh.fr\/index.php?rest_route=\/wp\/v2\/posts\/1007\/revisions\/1629"}],"wp:featuredmedia":[{"embeddable":true,"href":"https:\/\/pba.mmsh.fr\/index.php?rest_route=\/wp\/v2\/media\/1231"}],"wp:attachment":[{"href":"https:\/\/pba.mmsh.fr\/index.php?rest_route=%2Fwp%2Fv2%2Fmedia&parent=1007"}],"wp:term":[{"taxonomy":"category","embeddable":true,"href":"https:\/\/pba.mmsh.fr\/index.php?rest_route=%2Fwp%2Fv2%2Fcategories&post=1007"},{"taxonomy":"post_tag","embeddable":true,"href":"https:\/\/pba.mmsh.fr\/index.php?rest_route=%2Fwp%2Fv2%2Ftags&post=1007"}],"curies":[{"name":"wp","href":"https:\/\/api.w.org\/{rel}","templated":true}]}}