{"id":1013,"date":"2023-12-16T06:00:49","date_gmt":"2023-12-16T05:00:49","guid":{"rendered":"https:\/\/pba.mmsh.fr\/?p=1013"},"modified":"2024-04-17T10:47:09","modified_gmt":"2024-04-17T08:47:09","slug":"avent-2023-jour-16","status":"publish","type":"post","link":"https:\/\/pba.mmsh.fr\/?p=1013","title":{"rendered":"AVENT 2023 &#8211; Jour 16"},"content":{"rendered":"<div class='__iawmlf-post-loop-links' style='display:none;' data-iawmlf-post-links='[{&quot;id&quot;:228,&quot;href&quot;:&quot;https:\\\/\\\/fr.wikipedia.org\\\/wiki\\\/Annie-H%C3%A9l%C3%A8ne_Dufour&quot;,&quot;archived_href&quot;:&quot;&quot;,&quot;redirect_href&quot;:&quot;&quot;,&quot;checks&quot;:[],&quot;broken&quot;:false,&quot;last_checked&quot;:null,&quot;process&quot;:&quot;done&quot;},{&quot;id&quot;:229,&quot;href&quot;:&quot;https:\\\/\\\/www.idref.fr\\\/033834377&quot;,&quot;archived_href&quot;:&quot;https:\\\/\\\/web-wp.archive.org\\\/web\\\/20241130173215\\\/https:\\\/\\\/www.idref.fr\\\/033834377&quot;,&quot;redirect_href&quot;:&quot;&quot;,&quot;checks&quot;:[{&quot;date&quot;:&quot;2026-04-16 19:27:08&quot;,&quot;http_code&quot;:404}],&quot;broken&quot;:false,&quot;last_checked&quot;:{&quot;date&quot;:&quot;2026-04-16 19:27:08&quot;,&quot;http_code&quot;:404},&quot;process&quot;:&quot;done&quot;},{&quot;id&quot;:230,&quot;href&quot;:&quot;https:\\\/\\\/www.babelio.com\\\/livres\\\/O-Chocolat-chaud\\\/433885&quot;,&quot;archived_href&quot;:&quot;https:\\\/\\\/web-wp.archive.org\\\/web\\\/20170424105220\\\/http:\\\/\\\/www.babelio.com:80\\\/livres\\\/O-Chocolat-chaud\\\/433885&quot;,&quot;redirect_href&quot;:&quot;&quot;,&quot;checks&quot;:[{&quot;date&quot;:&quot;2026-04-16 19:27:33&quot;,&quot;http_code&quot;:403}],&quot;broken&quot;:false,&quot;last_checked&quot;:{&quot;date&quot;:&quot;2026-04-16 19:27:33&quot;,&quot;http_code&quot;:403},&quot;process&quot;:&quot;done&quot;},{&quot;id&quot;:231,&quot;href&quot;:&quot;https:\\\/\\\/catalogue.univ-amu.fr\\\/cgi-bin\\\/koha\\\/opac-detail.pl?biblionumber=1038805&quot;,&quot;archived_href&quot;:&quot;&quot;,&quot;redirect_href&quot;:&quot;&quot;,&quot;checks&quot;:[],&quot;broken&quot;:false,&quot;last_checked&quot;:null,&quot;process&quot;:&quot;done&quot;},{&quot;id&quot;:232,&quot;href&quot;:&quot;https:\\\/\\\/parolesviv.hypotheses.org&quot;,&quot;archived_href&quot;:&quot;&quot;,&quot;redirect_href&quot;:&quot;&quot;,&quot;checks&quot;:[],&quot;broken&quot;:false,&quot;last_checked&quot;:null,&quot;process&quot;:&quot;done&quot;},{&quot;id&quot;:233,&quot;href&quot;:&quot;http:\\\/\\\/calames.abes.fr\\\/pub\\\/ms\\\/Calames-201610111710693525&quot;,&quot;archived_href&quot;:&quot;https:\\\/\\\/web-wp.archive.org\\\/web\\\/20241006172412\\\/https:\\\/\\\/calames.abes.fr\\\/pub\\\/ms\\\/Calames-201610111710693525&quot;,&quot;redirect_href&quot;:&quot;https:\\\/\\\/calames.abes.fr\\\/pub\\\/ms\\\/Calames-201610111710693525&quot;,&quot;checks&quot;:[],&quot;broken&quot;:false,&quot;last_checked&quot;:null,&quot;process&quot;:&quot;done&quot;},{&quot;id&quot;:234,&quot;href&quot;:&quot;https:\\\/\\\/multimedia.mmsh.univ-aix.fr\\\/phonotheque-5153&quot;,&quot;archived_href&quot;:&quot;&quot;,&quot;redirect_href&quot;:&quot;&quot;,&quot;checks&quot;:[],&quot;broken&quot;:false,&quot;last_checked&quot;:null,&quot;process&quot;:&quot;done&quot;},{&quot;id&quot;:235,&quot;href&quot;:&quot;http:\\\/\\\/calames.abes.fr\\\/pub\\\/ms\\\/Calames-2016101212101646937&quot;,&quot;archived_href&quot;:&quot;https:\\\/\\\/web-wp.archive.org\\\/web\\\/20241006164046\\\/https:\\\/\\\/calames.abes.fr\\\/pub\\\/ms\\\/Calames-2016101212101646937&quot;,&quot;redirect_href&quot;:&quot;&quot;,&quot;checks&quot;:[{&quot;date&quot;:&quot;2026-04-16 19:28:30&quot;,&quot;http_code&quot;:200}],&quot;broken&quot;:false,&quot;last_checked&quot;:{&quot;date&quot;:&quot;2026-04-16 19:28:30&quot;,&quot;http_code&quot;:200},&quot;process&quot;:&quot;done&quot;},{&quot;id&quot;:236,&quot;href&quot;:&quot;https:\\\/\\\/media.hal.science\\\/medihal-01947297&quot;,&quot;archived_href&quot;:&quot;https:\\\/\\\/web-wp.archive.org\\\/web\\\/20241014141250\\\/https:\\\/\\\/media.hal.science\\\/medihal-01947297&quot;,&quot;redirect_href&quot;:&quot;&quot;,&quot;checks&quot;:[{&quot;date&quot;:&quot;2026-04-16 19:28:44&quot;,&quot;http_code&quot;:200}],&quot;broken&quot;:false,&quot;last_checked&quot;:{&quot;date&quot;:&quot;2026-04-16 19:28:44&quot;,&quot;http_code&quot;:200},&quot;process&quot;:&quot;done&quot;},{&quot;id&quot;:237,&quot;href&quot;:&quot;https:\\\/\\\/media.hal.science\\\/medihal-01947268&quot;,&quot;archived_href&quot;:&quot;https:\\\/\\\/web-wp.archive.org\\\/web\\\/20260416194948\\\/https:\\\/\\\/media.hal.science\\\/medihal-01947268&quot;,&quot;redirect_href&quot;:&quot;&quot;,&quot;checks&quot;:[],&quot;broken&quot;:false,&quot;last_checked&quot;:null,&quot;process&quot;:&quot;done&quot;},{&quot;id&quot;:238,&quot;href&quot;:&quot;https:\\\/\\\/media.hal.science\\\/medihal-01947294&quot;,&quot;archived_href&quot;:&quot;&quot;,&quot;redirect_href&quot;:&quot;&quot;,&quot;checks&quot;:[],&quot;broken&quot;:false,&quot;last_checked&quot;:null,&quot;process&quot;:&quot;done&quot;}]'><\/div>\n<p class=\"has-text-align-left\">Souvenir n\u00b023 :<\/p>\n\n\n\n<p class=\"has-text-align-center\"><mark style=\"background-color:#D1D1E4\" class=\"has-inline-color has-black-color\"><strong>\u00ab\u00a0Je me souviens qu\u2019apr\u00e8s la guerre on ne trouvait presque pas de chocolat viennois, ni de chocolat li\u00e9geois, et que, pendant longtemps, je les ai confondus.\u00a0\u00bb <\/strong><br>(Georges Perec, <em>Je me souviens<\/em>, 1978)<\/mark><\/p>\n\n\n\n<p>Flagrants d\u00e9lits de gourmandise que ces images prises par l&rsquo;anthropologue <a href=\"https:\/\/fr.wikipedia.org\/wiki\/Annie-H%C3%A9l%C3%A8ne_Dufour\">Annie-H\u00e9l\u00e8ne Dufour<\/a> en 1980, lors de la f\u00eate de la Saint-Pierre au Brusc, au cours du jeu de la po\u00eale et du chocolat.<\/p>\n\n\n\n<figure class=\"wp-block-image size-full\"><img loading=\"lazy\" decoding=\"async\" width=\"640\" height=\"427\" src=\"https:\/\/pba.mmsh.fr\/wp-content\/uploads\/2023\/12\/ahd-chocolat-1.png\" alt=\"\" class=\"wp-image-1373\" srcset=\"https:\/\/pba.mmsh.fr\/wp-content\/uploads\/2023\/12\/ahd-chocolat-1.png 640w, https:\/\/pba.mmsh.fr\/wp-content\/uploads\/2023\/12\/ahd-chocolat-1-300x200.png 300w\" sizes=\"auto, (max-width: 640px) 100vw, 640px\" \/><\/figure>\n\n\n\n<figure class=\"wp-block-image size-full\"><img loading=\"lazy\" decoding=\"async\" width=\"640\" height=\"429\" src=\"https:\/\/pba.mmsh.fr\/wp-content\/uploads\/2023\/12\/ahd-chocolat-2.png\" alt=\"\" class=\"wp-image-1374\" srcset=\"https:\/\/pba.mmsh.fr\/wp-content\/uploads\/2023\/12\/ahd-chocolat-2.png 640w, https:\/\/pba.mmsh.fr\/wp-content\/uploads\/2023\/12\/ahd-chocolat-2-300x201.png 300w\" sizes=\"auto, (max-width: 640px) 100vw, 640px\" \/><\/figure>\n\n\n\n<p>Comment en effet r\u00e9sister \u00e0 la douceur et au r\u00e9confort que procure le chocolat chaud ? Un th\u00e8me qui a inspir\u00e9 l&rsquo;\u00e9crivain marocain <a href=\"https:\/\/www.idref.fr\/033834377\">Rachid O.<\/a> pour son roman <em><a href=\"https:\/\/www.babelio.com\/livres\/O-Chocolat-chaud\/433885\">Chocolat chaud<\/a><\/em>, que vous pourrez <a href=\"https:\/\/catalogue.univ-amu.fr\/cgi-bin\/koha\/opac-detail.pl?biblionumber=1038805\">emprunter \u00e0 la M\u00e9diath\u00e8que<\/a> pour les prochaines soir\u00e9es d&rsquo;hiver. <\/p>\n\n\n\n<figure class=\"wp-block-image size-full\"><img loading=\"lazy\" decoding=\"async\" width=\"692\" height=\"1000\" src=\"https:\/\/pba.mmsh.fr\/wp-content\/uploads\/2023\/12\/couv-roman-chocolat-chaud.jpg\" alt=\"\" class=\"wp-image-1375\" srcset=\"https:\/\/pba.mmsh.fr\/wp-content\/uploads\/2023\/12\/couv-roman-chocolat-chaud.jpg 692w, https:\/\/pba.mmsh.fr\/wp-content\/uploads\/2023\/12\/couv-roman-chocolat-chaud-208x300.jpg 208w\" sizes=\"auto, (max-width: 692px) 100vw, 692px\" \/><\/figure>\n\n\n\n<p>Et si vous voulez en savoir plus sur les usines \u00e0 cacao, deux entretiens de la phonoth\u00e8que, men\u00e9s par Elodie Maniaval pour l&rsquo;association <a href=\"https:\/\/parolesviv.hypotheses.org\/\">Paroles vives<\/a> en 2015 \u00e0 Marseille, donnent la parole \u00e0 deux ancien.ne.s employ\u00e9.e.s de Nestl\u00e9 : <\/p>\n\n\n\n<p>\u00ab\u00a0<a href=\"http:\/\/calames.abes.fr\/pub\/ms\/Calames-201610111710693525\">T\u00e9moignage d&rsquo;une ancienne op\u00e9ratrice \u00e0 l&rsquo;entreprise Rivoire et Carret et Nestl\u00e9 \u00e0 Marseille, dans les ann\u00e9es 2000, \u00e0 propos de son travail int\u00e9rimaire<\/a>\u00ab\u00a0, le 17 novembre 2015 : <a href=\"https:\/\/multimedia.mmsh.univ-aix.fr\/phonotheque-5153\">\u00c9couter<\/a> l&rsquo;archive sonore <\/p>\n\n\n\n<p>\u00ab\u00a0<a href=\"http:\/\/calames.abes.fr\/pub\/ms\/Calames-2016101212101646937\">T\u00e9moignage d&rsquo;un ancien m\u00e9canicien et technicien \u00e0 l&rsquo;entreprise Nestl\u00e9 de Marseille, \u00e0 propos de sa carri\u00e8re professionnelle de 1957 \u00e0 1991 et de son engagement syndical<\/a>\u00ab\u00a0, le 9 d\u00e9cembre 2015 : \u00c9coute sur site \u00e0 la M\u00e9diath\u00e8que<br> <\/p>\n\n\n\n<p><em><strong>Cr\u00e9dits photographiques : <\/strong><\/em><br><em>1. Annie-H\u00e9l\u00e8ne Dufour. Fonds Annie-H\u00e9l\u00e8ne Dufour \u2013 P\u00eache et p\u00eacheurs du Var : Gros plan du jeu de la po\u00eale et du chocolat lors de la f\u00eate de la Saint-Pierre au Brusc. Photography. Aix Marseille Univ, CNRS, MMSH, Aix-en-Provence, France &#8211; Phonoth\u00e8que de la Maison m\u00e9diterran\u00e9enne des sciences de l&rsquo;homme, Le Brusc, France. 1980. <a href=\"https:\/\/media.hal.science\/medihal-01947297\" target=\"_blank\" rel=\"noreferrer noopener\">\u27e8medihal-01947297\u27e9<\/a><br>2. Annie-H\u00e9l\u00e8ne Dufour. Fonds Annie-H\u00e9l\u00e8ne Dufour \u2013 P\u00eache et p\u00eacheurs du Var : Enfant barbouill\u00e9 de chocolat au jeu de la po\u00eale lors de la f\u00eate de la Saint-Pierre au Brusc. Photography. Aix Marseille Univ, CNRS, MMSH, Aix-en-Provence, France &#8211; Phonoth\u00e8que de la Maison m\u00e9diterran\u00e9enne des sciences de l&rsquo;homme, Le-Brusc, France. 1980. <a href=\"https:\/\/media.hal.science\/medihal-01947268\" target=\"_blank\" rel=\"noreferrer noopener\">\u27e8medihal-01947268\u27e9<\/a><br>3. Annie-H\u00e9l\u00e8ne Dufour. Fonds Annie-H\u00e9l\u00e8ne Dufour \u2013 P\u00eache et p\u00eacheurs du Var : Jeu de la po\u00eale et du chocolat lors de la f\u00eate de la Saint-Pierre au Brusc. Photography. Aix Marseille Univ, CNRS, MMSH, Aix-en-Provence, France &#8211; Phonoth\u00e8que de la Maison m\u00e9diterran\u00e9enne des sciences de l&rsquo;homme, Le Brusc, France. 1980. <a href=\"https:\/\/media.hal.science\/medihal-01947294\" target=\"_blank\" rel=\"noreferrer noopener\">\u27e8medihal-01947294\u27e9<\/a><br>4. Couverture du roman Chocolat chaud de Rachid O. paru en 1998 aux \u00e9ditions Gallimard.<\/em><\/p>\n","protected":false},"excerpt":{"rendered":"<p>Souvenir n\u00b023 : \u00ab\u00a0Je me souviens qu\u2019apr\u00e8s la guerre on ne trouvait presque pas de chocolat viennois, ni de chocolat li\u00e9geois, et que, pendant longtemps, je les ai confondus.\u00a0\u00bb (Georges Perec, Je me souviens, 1978) Flagrants d\u00e9lits de gourmandise que ces images prises par l&rsquo;anthropologue Annie-H\u00e9l\u00e8ne Dufour en 1980, lors de la f\u00eate de la&hellip; <a class=\"more-link\" href=\"https:\/\/pba.mmsh.fr\/?p=1013\">Poursuivre la lecture <span class=\"screen-reader-text\">AVENT 2023 &#8211; Jour 16<\/span><\/a><\/p>\n","protected":false},"author":4,"featured_media":1379,"comment_status":"open","ping_status":"open","sticky":false,"template":"","format":"standard","meta":{"footnotes":""},"categories":[41,66],"tags":[88,54,67,94],"class_list":["post-1013","post","type-post","status-publish","format-standard","has-post-thumbnail","hentry","category-archives","category-calendrier-de-lavent","tag-archives-photographiques","tag-archives-sonores","tag-je-me-souviens","tag-roman","entry"],"yoast_head":"<!-- This site is optimized with the Yoast SEO plugin v27.4 - https:\/\/yoast.com\/product\/yoast-seo-wordpress\/ -->\n<title>AVENT 2023 - Jour 16 - P\u00f4le Biblioth\u00e8ques et Archives de la MMSH<\/title>\n<meta name=\"robots\" content=\"index, follow, max-snippet:-1, max-image-preview:large, max-video-preview:-1\" \/>\n<link rel=\"canonical\" href=\"https:\/\/pba.mmsh.fr\/?p=1013\" \/>\n<meta property=\"og:locale\" content=\"fr_FR\" \/>\n<meta property=\"og:type\" content=\"article\" \/>\n<meta property=\"og:title\" content=\"AVENT 2023 - Jour 16 - P\u00f4le Biblioth\u00e8ques et Archives de la MMSH\" \/>\n<meta property=\"og:description\" content=\"Souvenir n\u00b023 : \u00ab\u00a0Je me souviens qu\u2019apr\u00e8s la guerre on ne trouvait presque pas de chocolat viennois, ni de chocolat li\u00e9geois, et que, pendant longtemps, je les ai confondus.\u00a0\u00bb (Georges Perec, Je me souviens, 1978) Flagrants d\u00e9lits de gourmandise que ces images prises par l&rsquo;anthropologue Annie-H\u00e9l\u00e8ne Dufour en 1980, lors de la f\u00eate de la&hellip; Poursuivre la lecture AVENT 2023 &#8211; Jour 16\" \/>\n<meta property=\"og:url\" content=\"https:\/\/pba.mmsh.fr\/?p=1013\" \/>\n<meta property=\"og:site_name\" content=\"P\u00f4le Biblioth\u00e8ques et Archives de la MMSH\" \/>\n<meta property=\"article:published_time\" content=\"2023-12-16T05:00:49+00:00\" \/>\n<meta property=\"article:modified_time\" content=\"2024-04-17T08:47:09+00:00\" \/>\n<meta property=\"og:image\" content=\"https:\/\/pba.mmsh.fr\/wp-content\/uploads\/2023\/12\/medihal-01947297b.jpg\" \/>\n\t<meta property=\"og:image:width\" content=\"650\" \/>\n\t<meta property=\"og:image:height\" content=\"969\" \/>\n\t<meta property=\"og:image:type\" content=\"image\/jpeg\" \/>\n<meta name=\"author\" content=\"Emilie Groshens\" \/>\n<meta name=\"twitter:card\" content=\"summary_large_image\" \/>\n<meta name=\"twitter:label1\" content=\"\u00c9crit par\" \/>\n\t<meta name=\"twitter:data1\" content=\"Emilie Groshens\" \/>\n\t<meta name=\"twitter:label2\" content=\"Dur\u00e9e de lecture estim\u00e9e\" \/>\n\t<meta name=\"twitter:data2\" content=\"1 minute\" \/>\n<script type=\"application\/ld+json\" class=\"yoast-schema-graph\">{\"@context\":\"https:\\\/\\\/schema.org\",\"@graph\":[{\"@type\":\"Article\",\"@id\":\"https:\\\/\\\/pba.mmsh.fr\\\/?p=1013#article\",\"isPartOf\":{\"@id\":\"https:\\\/\\\/pba.mmsh.fr\\\/?p=1013\"},\"author\":{\"name\":\"Emilie Groshens\",\"@id\":\"https:\\\/\\\/pba.mmsh.fr\\\/#\\\/schema\\\/person\\\/9e4006ea0cc9fe2033968a81fa833221\"},\"headline\":\"AVENT 2023 &#8211; Jour 16\",\"datePublished\":\"2023-12-16T05:00:49+00:00\",\"dateModified\":\"2024-04-17T08:47:09+00:00\",\"mainEntityOfPage\":{\"@id\":\"https:\\\/\\\/pba.mmsh.fr\\\/?p=1013\"},\"wordCount\":432,\"commentCount\":0,\"publisher\":{\"@id\":\"https:\\\/\\\/pba.mmsh.fr\\\/#organization\"},\"image\":{\"@id\":\"https:\\\/\\\/pba.mmsh.fr\\\/?p=1013#primaryimage\"},\"thumbnailUrl\":\"https:\\\/\\\/pba.mmsh.fr\\\/wp-content\\\/uploads\\\/2023\\\/12\\\/medihal-01947297b.jpg\",\"keywords\":[\"archives photographiques\",\"archives sonores\",\"Je me souviens\",\"roman\"],\"articleSection\":[\"Archives\",\"Calendrier de l'Avent\"],\"inLanguage\":\"fr-FR\",\"potentialAction\":[{\"@type\":\"CommentAction\",\"name\":\"Comment\",\"target\":[\"https:\\\/\\\/pba.mmsh.fr\\\/?p=1013#respond\"]}]},{\"@type\":\"WebPage\",\"@id\":\"https:\\\/\\\/pba.mmsh.fr\\\/?p=1013\",\"url\":\"https:\\\/\\\/pba.mmsh.fr\\\/?p=1013\",\"name\":\"AVENT 2023 - Jour 16 - P\u00f4le Biblioth\u00e8ques et Archives de la MMSH\",\"isPartOf\":{\"@id\":\"https:\\\/\\\/pba.mmsh.fr\\\/#website\"},\"primaryImageOfPage\":{\"@id\":\"https:\\\/\\\/pba.mmsh.fr\\\/?p=1013#primaryimage\"},\"image\":{\"@id\":\"https:\\\/\\\/pba.mmsh.fr\\\/?p=1013#primaryimage\"},\"thumbnailUrl\":\"https:\\\/\\\/pba.mmsh.fr\\\/wp-content\\\/uploads\\\/2023\\\/12\\\/medihal-01947297b.jpg\",\"datePublished\":\"2023-12-16T05:00:49+00:00\",\"dateModified\":\"2024-04-17T08:47:09+00:00\",\"breadcrumb\":{\"@id\":\"https:\\\/\\\/pba.mmsh.fr\\\/?p=1013#breadcrumb\"},\"inLanguage\":\"fr-FR\",\"potentialAction\":[{\"@type\":\"ReadAction\",\"target\":[\"https:\\\/\\\/pba.mmsh.fr\\\/?p=1013\"]}]},{\"@type\":\"ImageObject\",\"inLanguage\":\"fr-FR\",\"@id\":\"https:\\\/\\\/pba.mmsh.fr\\\/?p=1013#primaryimage\",\"url\":\"https:\\\/\\\/pba.mmsh.fr\\\/wp-content\\\/uploads\\\/2023\\\/12\\\/medihal-01947297b.jpg\",\"contentUrl\":\"https:\\\/\\\/pba.mmsh.fr\\\/wp-content\\\/uploads\\\/2023\\\/12\\\/medihal-01947297b.jpg\",\"width\":650,\"height\":969},{\"@type\":\"BreadcrumbList\",\"@id\":\"https:\\\/\\\/pba.mmsh.fr\\\/?p=1013#breadcrumb\",\"itemListElement\":[{\"@type\":\"ListItem\",\"position\":1,\"name\":\"Accueil\",\"item\":\"https:\\\/\\\/pba.mmsh.fr\\\/\"},{\"@type\":\"ListItem\",\"position\":2,\"name\":\"AVENT 2023 &#8211; Jour 16\"}]},{\"@type\":\"WebSite\",\"@id\":\"https:\\\/\\\/pba.mmsh.fr\\\/#website\",\"url\":\"https:\\\/\\\/pba.mmsh.fr\\\/\",\"name\":\"P\u00f4le Biblioth\u00e8ques et Archives de la MMSH\",\"description\":\"Biblioth\u00e8ques et Archives \u00e0 la Maison m\u00e9diterran\u00e9enne des sciences de l\u2019homme\",\"publisher\":{\"@id\":\"https:\\\/\\\/pba.mmsh.fr\\\/#organization\"},\"potentialAction\":[{\"@type\":\"SearchAction\",\"target\":{\"@type\":\"EntryPoint\",\"urlTemplate\":\"https:\\\/\\\/pba.mmsh.fr\\\/?s={search_term_string}\"},\"query-input\":{\"@type\":\"PropertyValueSpecification\",\"valueRequired\":true,\"valueName\":\"search_term_string\"}}],\"inLanguage\":\"fr-FR\"},{\"@type\":\"Organization\",\"@id\":\"https:\\\/\\\/pba.mmsh.fr\\\/#organization\",\"name\":\"P\u00f4le Biblioth\u00e8ques et Archives de la MMSH\",\"url\":\"https:\\\/\\\/pba.mmsh.fr\\\/\",\"logo\":{\"@type\":\"ImageObject\",\"inLanguage\":\"fr-FR\",\"@id\":\"https:\\\/\\\/pba.mmsh.fr\\\/#\\\/schema\\\/logo\\\/image\\\/\",\"url\":\"https:\\\/\\\/pba.mmsh.fr\\\/wp-content\\\/uploads\\\/2026\\\/01\\\/cropped-cropped-LOGO-UAR-MMSHS-coul.png\",\"contentUrl\":\"https:\\\/\\\/pba.mmsh.fr\\\/wp-content\\\/uploads\\\/2026\\\/01\\\/cropped-cropped-LOGO-UAR-MMSHS-coul.png\",\"width\":1161,\"height\":303,\"caption\":\"P\u00f4le Biblioth\u00e8ques et Archives de la MMSH\"},\"image\":{\"@id\":\"https:\\\/\\\/pba.mmsh.fr\\\/#\\\/schema\\\/logo\\\/image\\\/\"}},{\"@type\":\"Person\",\"@id\":\"https:\\\/\\\/pba.mmsh.fr\\\/#\\\/schema\\\/person\\\/9e4006ea0cc9fe2033968a81fa833221\",\"name\":\"Emilie Groshens\",\"image\":{\"@type\":\"ImageObject\",\"inLanguage\":\"fr-FR\",\"@id\":\"https:\\\/\\\/secure.gravatar.com\\\/avatar\\\/23e99ead3846ab2e4804ee2da3d6d8fd2353e40c87cf8171d452394634e49b13?s=96&d=mm&r=g\",\"url\":\"https:\\\/\\\/secure.gravatar.com\\\/avatar\\\/23e99ead3846ab2e4804ee2da3d6d8fd2353e40c87cf8171d452394634e49b13?s=96&d=mm&r=g\",\"contentUrl\":\"https:\\\/\\\/secure.gravatar.com\\\/avatar\\\/23e99ead3846ab2e4804ee2da3d6d8fd2353e40c87cf8171d452394634e49b13?s=96&d=mm&r=g\",\"caption\":\"Emilie Groshens\"},\"url\":\"https:\\\/\\\/pba.mmsh.fr\\\/?author=4\"}]}<\/script>\n<!-- \/ Yoast SEO plugin. -->","yoast_head_json":{"title":"AVENT 2023 - Jour 16 - P\u00f4le Biblioth\u00e8ques et Archives de la MMSH","robots":{"index":"index","follow":"follow","max-snippet":"max-snippet:-1","max-image-preview":"max-image-preview:large","max-video-preview":"max-video-preview:-1"},"canonical":"https:\/\/pba.mmsh.fr\/?p=1013","og_locale":"fr_FR","og_type":"article","og_title":"AVENT 2023 - Jour 16 - P\u00f4le Biblioth\u00e8ques et Archives de la MMSH","og_description":"Souvenir n\u00b023 : \u00ab\u00a0Je me souviens qu\u2019apr\u00e8s la guerre on ne trouvait presque pas de chocolat viennois, ni de chocolat li\u00e9geois, et que, pendant longtemps, je les ai confondus.\u00a0\u00bb (Georges Perec, Je me souviens, 1978) Flagrants d\u00e9lits de gourmandise que ces images prises par l&rsquo;anthropologue Annie-H\u00e9l\u00e8ne Dufour en 1980, lors de la f\u00eate de la&hellip; Poursuivre la lecture AVENT 2023 &#8211; Jour 16","og_url":"https:\/\/pba.mmsh.fr\/?p=1013","og_site_name":"P\u00f4le Biblioth\u00e8ques et Archives de la MMSH","article_published_time":"2023-12-16T05:00:49+00:00","article_modified_time":"2024-04-17T08:47:09+00:00","og_image":[{"width":650,"height":969,"url":"https:\/\/pba.mmsh.fr\/wp-content\/uploads\/2023\/12\/medihal-01947297b.jpg","type":"image\/jpeg"}],"author":"Emilie Groshens","twitter_card":"summary_large_image","twitter_misc":{"\u00c9crit par":"Emilie Groshens","Dur\u00e9e de lecture estim\u00e9e":"1 minute"},"schema":{"@context":"https:\/\/schema.org","@graph":[{"@type":"Article","@id":"https:\/\/pba.mmsh.fr\/?p=1013#article","isPartOf":{"@id":"https:\/\/pba.mmsh.fr\/?p=1013"},"author":{"name":"Emilie Groshens","@id":"https:\/\/pba.mmsh.fr\/#\/schema\/person\/9e4006ea0cc9fe2033968a81fa833221"},"headline":"AVENT 2023 &#8211; Jour 16","datePublished":"2023-12-16T05:00:49+00:00","dateModified":"2024-04-17T08:47:09+00:00","mainEntityOfPage":{"@id":"https:\/\/pba.mmsh.fr\/?p=1013"},"wordCount":432,"commentCount":0,"publisher":{"@id":"https:\/\/pba.mmsh.fr\/#organization"},"image":{"@id":"https:\/\/pba.mmsh.fr\/?p=1013#primaryimage"},"thumbnailUrl":"https:\/\/pba.mmsh.fr\/wp-content\/uploads\/2023\/12\/medihal-01947297b.jpg","keywords":["archives photographiques","archives sonores","Je me souviens","roman"],"articleSection":["Archives","Calendrier de l'Avent"],"inLanguage":"fr-FR","potentialAction":[{"@type":"CommentAction","name":"Comment","target":["https:\/\/pba.mmsh.fr\/?p=1013#respond"]}]},{"@type":"WebPage","@id":"https:\/\/pba.mmsh.fr\/?p=1013","url":"https:\/\/pba.mmsh.fr\/?p=1013","name":"AVENT 2023 - Jour 16 - P\u00f4le Biblioth\u00e8ques et Archives de la MMSH","isPartOf":{"@id":"https:\/\/pba.mmsh.fr\/#website"},"primaryImageOfPage":{"@id":"https:\/\/pba.mmsh.fr\/?p=1013#primaryimage"},"image":{"@id":"https:\/\/pba.mmsh.fr\/?p=1013#primaryimage"},"thumbnailUrl":"https:\/\/pba.mmsh.fr\/wp-content\/uploads\/2023\/12\/medihal-01947297b.jpg","datePublished":"2023-12-16T05:00:49+00:00","dateModified":"2024-04-17T08:47:09+00:00","breadcrumb":{"@id":"https:\/\/pba.mmsh.fr\/?p=1013#breadcrumb"},"inLanguage":"fr-FR","potentialAction":[{"@type":"ReadAction","target":["https:\/\/pba.mmsh.fr\/?p=1013"]}]},{"@type":"ImageObject","inLanguage":"fr-FR","@id":"https:\/\/pba.mmsh.fr\/?p=1013#primaryimage","url":"https:\/\/pba.mmsh.fr\/wp-content\/uploads\/2023\/12\/medihal-01947297b.jpg","contentUrl":"https:\/\/pba.mmsh.fr\/wp-content\/uploads\/2023\/12\/medihal-01947297b.jpg","width":650,"height":969},{"@type":"BreadcrumbList","@id":"https:\/\/pba.mmsh.fr\/?p=1013#breadcrumb","itemListElement":[{"@type":"ListItem","position":1,"name":"Accueil","item":"https:\/\/pba.mmsh.fr\/"},{"@type":"ListItem","position":2,"name":"AVENT 2023 &#8211; Jour 16"}]},{"@type":"WebSite","@id":"https:\/\/pba.mmsh.fr\/#website","url":"https:\/\/pba.mmsh.fr\/","name":"P\u00f4le Biblioth\u00e8ques et Archives de la MMSH","description":"Biblioth\u00e8ques et Archives \u00e0 la Maison m\u00e9diterran\u00e9enne des sciences de l\u2019homme","publisher":{"@id":"https:\/\/pba.mmsh.fr\/#organization"},"potentialAction":[{"@type":"SearchAction","target":{"@type":"EntryPoint","urlTemplate":"https:\/\/pba.mmsh.fr\/?s={search_term_string}"},"query-input":{"@type":"PropertyValueSpecification","valueRequired":true,"valueName":"search_term_string"}}],"inLanguage":"fr-FR"},{"@type":"Organization","@id":"https:\/\/pba.mmsh.fr\/#organization","name":"P\u00f4le Biblioth\u00e8ques et Archives de la MMSH","url":"https:\/\/pba.mmsh.fr\/","logo":{"@type":"ImageObject","inLanguage":"fr-FR","@id":"https:\/\/pba.mmsh.fr\/#\/schema\/logo\/image\/","url":"https:\/\/pba.mmsh.fr\/wp-content\/uploads\/2026\/01\/cropped-cropped-LOGO-UAR-MMSHS-coul.png","contentUrl":"https:\/\/pba.mmsh.fr\/wp-content\/uploads\/2026\/01\/cropped-cropped-LOGO-UAR-MMSHS-coul.png","width":1161,"height":303,"caption":"P\u00f4le Biblioth\u00e8ques et Archives de la MMSH"},"image":{"@id":"https:\/\/pba.mmsh.fr\/#\/schema\/logo\/image\/"}},{"@type":"Person","@id":"https:\/\/pba.mmsh.fr\/#\/schema\/person\/9e4006ea0cc9fe2033968a81fa833221","name":"Emilie Groshens","image":{"@type":"ImageObject","inLanguage":"fr-FR","@id":"https:\/\/secure.gravatar.com\/avatar\/23e99ead3846ab2e4804ee2da3d6d8fd2353e40c87cf8171d452394634e49b13?s=96&d=mm&r=g","url":"https:\/\/secure.gravatar.com\/avatar\/23e99ead3846ab2e4804ee2da3d6d8fd2353e40c87cf8171d452394634e49b13?s=96&d=mm&r=g","contentUrl":"https:\/\/secure.gravatar.com\/avatar\/23e99ead3846ab2e4804ee2da3d6d8fd2353e40c87cf8171d452394634e49b13?s=96&d=mm&r=g","caption":"Emilie Groshens"},"url":"https:\/\/pba.mmsh.fr\/?author=4"}]}},"_links":{"self":[{"href":"https:\/\/pba.mmsh.fr\/index.php?rest_route=\/wp\/v2\/posts\/1013","targetHints":{"allow":["GET"]}}],"collection":[{"href":"https:\/\/pba.mmsh.fr\/index.php?rest_route=\/wp\/v2\/posts"}],"about":[{"href":"https:\/\/pba.mmsh.fr\/index.php?rest_route=\/wp\/v2\/types\/post"}],"author":[{"embeddable":true,"href":"https:\/\/pba.mmsh.fr\/index.php?rest_route=\/wp\/v2\/users\/4"}],"replies":[{"embeddable":true,"href":"https:\/\/pba.mmsh.fr\/index.php?rest_route=%2Fwp%2Fv2%2Fcomments&post=1013"}],"version-history":[{"count":19,"href":"https:\/\/pba.mmsh.fr\/index.php?rest_route=\/wp\/v2\/posts\/1013\/revisions"}],"predecessor-version":[{"id":1626,"href":"https:\/\/pba.mmsh.fr\/index.php?rest_route=\/wp\/v2\/posts\/1013\/revisions\/1626"}],"wp:featuredmedia":[{"embeddable":true,"href":"https:\/\/pba.mmsh.fr\/index.php?rest_route=\/wp\/v2\/media\/1379"}],"wp:attachment":[{"href":"https:\/\/pba.mmsh.fr\/index.php?rest_route=%2Fwp%2Fv2%2Fmedia&parent=1013"}],"wp:term":[{"taxonomy":"category","embeddable":true,"href":"https:\/\/pba.mmsh.fr\/index.php?rest_route=%2Fwp%2Fv2%2Fcategories&post=1013"},{"taxonomy":"post_tag","embeddable":true,"href":"https:\/\/pba.mmsh.fr\/index.php?rest_route=%2Fwp%2Fv2%2Ftags&post=1013"}],"curies":[{"name":"wp","href":"https:\/\/api.w.org\/{rel}","templated":true}]}}