{"id":1017,"date":"2023-12-19T13:49:23","date_gmt":"2023-12-19T12:49:23","guid":{"rendered":"https:\/\/pba.mmsh.fr\/?p=1017"},"modified":"2023-12-06T11:11:44","modified_gmt":"2023-12-06T10:11:44","slug":"avent-2023-jour-19","status":"publish","type":"post","link":"https:\/\/pba.mmsh.fr\/?p=1017","title":{"rendered":"AVENT 2023 &#8211; Jour 19"},"content":{"rendered":"<div class='__iawmlf-post-loop-links' style='display:none;' data-iawmlf-post-links='[{&quot;id&quot;:216,&quot;href&quot;:&quot;https:\\\/\\\/www.youtube.com\\\/watch?v=JfjuYtBYP6U&quot;,&quot;archived_href&quot;:&quot;&quot;,&quot;redirect_href&quot;:&quot;&quot;,&quot;checks&quot;:[],&quot;broken&quot;:false,&quot;last_checked&quot;:null,&quot;process&quot;:&quot;done&quot;},{&quot;id&quot;:217,&quot;href&quot;:&quot;https:\\\/\\\/www.seuil.com\\\/ouvrage\\\/lettres-de-prison-precede-de-pour-gabrielle-par-raymond-jean-gabrielle-russier\\\/9782020016292&quot;,&quot;archived_href&quot;:&quot;&quot;,&quot;redirect_href&quot;:&quot;&quot;,&quot;checks&quot;:[],&quot;broken&quot;:false,&quot;last_checked&quot;:null,&quot;process&quot;:&quot;done&quot;},{&quot;id&quot;:218,&quot;href&quot;:&quot;http:\\\/\\\/calames.abes.fr\\\/pub\\\/ms\\\/Calames-20179261492528150&quot;,&quot;archived_href&quot;:&quot;&quot;,&quot;redirect_href&quot;:&quot;https:\\\/\\\/calames.abes.fr\\\/pub\\\/ms\\\/Calames-20179261492528150&quot;,&quot;checks&quot;:[],&quot;broken&quot;:false,&quot;last_checked&quot;:null,&quot;process&quot;:&quot;done&quot;},{&quot;id&quot;:219,&quot;href&quot;:&quot;http:\\\/\\\/multimedia.mmsh.univ-aix.fr\\\/phonotheque-4735&quot;,&quot;archived_href&quot;:&quot;&quot;,&quot;redirect_href&quot;:&quot;https:\\\/\\\/multimedia.mmsh.univ-aix.fr\\\/phonotheque-4735&quot;,&quot;checks&quot;:[],&quot;broken&quot;:false,&quot;last_checked&quot;:null,&quot;process&quot;:&quot;done&quot;}]'><\/div>\n<p class=\"has-text-align-left\">Souvenir n\u00b0276 :<\/p>\n\n\n\n<p class=\"has-text-align-center\"><mark style=\"background-color:#E4D1D1\" class=\"has-inline-color has-black-color\"><strong>\u00ab\u00a0Je me souviens que Jean Jaur\u00e8s fut assassin\u00e9 au Caf\u00e9 du Croissant, rue Montmartre.\u00a0\u00bb <\/strong><br>(Georges Perec, <em>Je me souviens<\/em>, 1978)<\/mark><\/p>\n\n\n\n<p class=\"has-text-align-left\">Qui se souvient de Raymond Jean ? Le lit-on encore aujourd&rsquo;hui ? Je me souviens l&rsquo;avoir eu comme professeur de litt\u00e9rature \u00e0 l&rsquo;universit\u00e9 alors dite \u00ab\u00a0de Provence\u00a0\u00bb. Il collaborait \u00e0 des revues prestigieuses comme le <em>Magazine litt\u00e9raire<\/em> ou <em>Europe<\/em>, il nous semblait quelqu&rsquo;un d&rsquo;occup\u00e9, pas tr\u00e8s bavard mais ses cours \u00e9taient tr\u00e8s appr\u00e9ci\u00e9s. Ce n&rsquo;est que plus tard que j&rsquo;ai compris qu&rsquo;il \u00e9crivait aussi des romans. En 1987 est sorti ce dr\u00f4le de film avec Miou-Miou, <em><a href=\"https:\/\/www.youtube.com\/watch?v=JfjuYtBYP6U\">La lectrice<\/a><\/em>. Au g\u00e9n\u00e9rique il \u00e9tait indiqu\u00e9 que l&rsquo;histoire \u00e9tait tir\u00e9e d&rsquo;un roman de Raymond Jean&#8230; Raymond Jean ? cet homme discret qui m&rsquo;enseignait la litt\u00e9rature ? et j&rsquo;ai commenc\u00e9 &#8211; bien apr\u00e8s leur parution &#8211; \u00e0 lire ses livres, <em>La lectrice<\/em> (Actes Sud, 1986) et les autres. J&rsquo;ai ador\u00e9 <em>La fontaine obscure<\/em> (Seuil, 1976), qui se d\u00e9roule en 1611 \u00e0 Aix-en-Provence, \u00e0 Marseille et \u00e0 la Sainte Baume. Le proc\u00e8s de sorcellerie de l&rsquo;abb\u00e9 Louis Gaufridy et de Madeleine de Demandolx de la Palud est l&rsquo;occasion de se balader dans un Panier qui n&rsquo;a pas pris une ride depuis 1611. Il y a aussi les lettres de prison de Gabrielle Russier qu&rsquo;il a publi\u00e9 apr\u00e8s sa mort (Seuil, 1970),  avec une troublante pr\u00e9face  <a href=\"https:\/\/www.seuil.com\/ouvrage\/lettres-de-prison-precede-de-pour-gabrielle-par-raymond-jean-gabrielle-russier\/9782020016292\">\u00ab\u00a0Pour Gabrielle\u00a0\u00bb<\/a>. Mais qui se souvient encore de Gabrielle Russier ? Lorsque j&rsquo;ai fait mes \u00e9tudes de litt\u00e9rature, elle \u00e9tait d\u00e9j\u00e0 un souvenir mais j&rsquo;avais comme enseignant \u00e9galement, en ancien fran\u00e7ais cette fois, le p\u00e8re et la m\u00e8re du gar\u00e7on amoureux. Ils enseignaient les yeux baiss\u00e9s, le cours bruissait de rumeurs mais je n&rsquo;en avais pas les codes, j&rsquo;ai compris plus tard en lisant cette introduction de Raymond Jean. J&rsquo;ai d\u00e9couvert aussi, en le lisant, que Raymond Jean \u00e9tait communiste, et que Jaur\u00e8s ic\u00f4ne pacifiste assassin\u00e9 11 ans avant sa naissance, occupait une place particuli\u00e8re dans son monde.  <\/p>\n\n\n\n<p>Et voil\u00e0, il y a quelques ann\u00e9es que le souvenir m&rsquo;est revenu. En travaillant sur le fonds Anne Roche et Marie-Claude Taranger. J&rsquo;entends soudainement Raymond Jean <a href=\"http:\/\/calames.abes.fr\/pub\/ms\/Calames-20179261492528150\">interrog\u00e9 par une \u00e9tudiante en litt\u00e9rature<\/a> (qui est-elle ? la reconna\u00eetrez-vous ? aujourd&rsquo;hui elle devrait avoir dans les 70 ans) sur ses ann\u00e9es de vie en 1930. Avant de le reconna\u00eetre c&rsquo;est l&rsquo;ambiance de la salle de cours  que ma m\u00e9moire exhume, je me retrouve transplan\u00e9e dans les anciennes pi\u00e8ces du site Schuman.<\/p>\n\n\n\n<p>L&rsquo;enqu\u00eatrice n\u2019indique jamais le nom de son informateur ni sa relation interpersonnelle mais on peut comprendre \u00e0 l\u2019\u00e9coute qu\u2019il s\u2019agit d\u2019un ancien professeur de lettres de l\u2019Universit\u00e9 d\u2019Aix-en-Provence, essayiste : Raymond Jean. N\u00e9 en 1925 \u00e0 Marseille, il n\u2019\u00e9tait alors qu\u2019un enfant pendant les ann\u00e9es 1930 et nous livre ses tous premiers souvenirs, tout en analysant le m\u00e9canisme de la m\u00e9moire. Il fait appel \u00e0 la psychanalyse de Sigmund Freud et \u00e0 Georg Groddeck pour analyser son premier souvenir conscient : le motif d\u2019un tapis oriental. Puis, il analyse ce qu\u2019il appelle les \u00ab\u00a0faux souvenirs\u00a0\u00bb, cr\u00e9\u00e9s par des photographies. Dans un premier temps, il \u00e9voque sa famille et tout particuli\u00e8rement son p\u00e8re, inspecteur des Douanes et homme de gauche. Du Front Populaire, il retient une atmosph\u00e8re de liesse politique (rencontres \u00e9lectorales, d\u00e9fil\u00e9s d\u2019ouvriers). A propos de lui-m\u00eame, il ne souhaite pas s\u2019\u00e9tendre sur sa p\u00e9riode scolaire car il garde l\u2019impression d\u2019un monde r\u00e9pressif ; il ira m\u00eame jusqu\u2019\u00e0 parler d\u2019une \u00ab\u00a0discipline de caserne\u00a0\u00bb. En revanche il insiste sur l\u2019av\u00e8nement d\u2019une \u00ab\u00a0culture v\u00e9ritable\u00a0\u00bb, par le biais des films et des livres. Du cin\u00e9ma de l\u2019\u00e9poque, il sera marqu\u00e9 par les premiers films de Marcel Carn\u00e9 comme <em>Le jour se l\u00e8ve<\/em> et par le cin\u00e9aste Jean Gr\u00e9millon, r\u00e9alisateur du <em>Ciel est \u00e0 vous<\/em>. Il souligne la tendance populaire de ces films, qui ne sont pas pour autant populistes. Il n\u2019oublie pas les films am\u00e9ricains : films fantastiques, premiers westerns\u2026 Du point de vue de la litt\u00e9rature, il cite <em>Le sang noir<\/em> de Louis Guilloux, La naus\u00e9e de Jean-Paul Sartre comme reflet de cette \u00e9poque. A la fin des ann\u00e9es 1930, il est fascin\u00e9 par Jean Giono, embl\u00e8me du courant pacifiste. La guerre sera pour lui une grande fracture qui marque son entr\u00e9e dans l\u2019\u00e2ge adulte. Il donne l\u2019image d\u2019une France triste et fait un parall\u00e8le avec l\u2019ambiance du film <em>Le chagrin et la piti\u00e9<\/em> de Marcel Oph\u00fcls. Il ne se rend compte du racisme que tardivement, lorsqu\u2019il voit sur la carte d\u2019alimentation de sa m\u00e8re le tampon rouge : sa m\u00e8re \u00e9tait juive. C\u2019est alors qu\u2019intervient sa premi\u00e8re prise de conscience politique et intellectuelle : \u00e0 l\u2019\u00e2ge de 16 ans, il s\u2019engage dans un r\u00e9seau de r\u00e9sistance : le FTPF (Francs Tireurs et Partisans Fran\u00e7ais) o\u00f9 il va avoir des responsabilit\u00e9s de plus en plus importantes. Il est particuli\u00e8rement fier d\u2019avoir particip\u00e9 \u00e0 la lib\u00e9ration de Marseille, \u00e0 bord d\u2019une jeep am\u00e9ricaine, alors que ses parents \u00e9taient terr\u00e9s dans leur cave. Il sait aussi montrer toute l\u2019horreur de la guerre, notamment lors du bombardement du 27 mai 1944, lorsqu\u2019une bombe \u00e9clate sous le tunnel du boulevard National. Au cours de son entretien il traverse Marseille et en particulier la topographie du quartier des Cinq Avenues jusqu\u2019\u00e0 la Blancarde. Il termine (mais l\u2019enregistrement s&rsquo;interrompt brutalement) sur un souvenir d\u2019enfant lors d\u2019un d\u00e9fil\u00e9 sur le Vieux-Port lorsqu\u2019il d\u00e9couvre l\u2019esprit nationaliste arrogant qu\u2019il a en horreur : un jeune homme sourd et muet, est somm\u00e9 d\u2019enlever sa casquette lorsque sonne <em>La Marseillaise<\/em>.<\/p>\n\n\n\n<p>Ecoutez Raymond Jean : <a href=\"http:\/\/multimedia.mmsh.univ-aix.fr\/phonotheque-4735\" target=\"_blank\" rel=\"noreferrer noopener\">http:\/\/multimedia.mmsh.univ-aix.fr\/phonotheque-4735<\/a><\/p>\n\n\n\n<p>Consulter <a href=\"http:\/\/calames.abes.fr\/pub\/ms\/Calames-20179261492528150\">la notice de son entretien<\/a> sur Calames.<\/p>\n\n\n\n<pre class=\"wp-block-verse has-text-align-left\">\n<em><strong>Cr\u00e9dit photographique :<\/strong><\/em>\n<em>Couverture du livre La fontaine obscure de Raymond Jean, \u00e9ditions du Seuil<\/em>,<em> 1976<\/em><\/pre>\n","protected":false},"excerpt":{"rendered":"<p>Souvenir n\u00b0276 : \u00ab\u00a0Je me souviens que Jean Jaur\u00e8s fut assassin\u00e9 au Caf\u00e9 du Croissant, rue Montmartre.\u00a0\u00bb (Georges Perec, Je me souviens, 1978) Qui se souvient de Raymond Jean ? Le lit-on encore aujourd&rsquo;hui ? Je me souviens l&rsquo;avoir eu comme professeur de litt\u00e9rature \u00e0 l&rsquo;universit\u00e9 alors dite \u00ab\u00a0de Provence\u00a0\u00bb. Il collaborait \u00e0 des revues&hellip; <a class=\"more-link\" href=\"https:\/\/pba.mmsh.fr\/?p=1017\">Poursuivre la lecture <span class=\"screen-reader-text\">AVENT 2023 &#8211; Jour 19<\/span><\/a><\/p>\n","protected":false},"author":6,"featured_media":1310,"comment_status":"open","ping_status":"open","sticky":false,"template":"","format":"standard","meta":{"footnotes":""},"categories":[41,66],"tags":[67],"class_list":["post-1017","post","type-post","status-publish","format-standard","has-post-thumbnail","hentry","category-archives","category-calendrier-de-lavent","tag-je-me-souviens","entry"],"yoast_head":"<!-- This site is optimized with the Yoast SEO plugin v27.5 - https:\/\/yoast.com\/product\/yoast-seo-wordpress\/ -->\n<title>AVENT 2023 - Jour 19 - P\u00f4le Biblioth\u00e8ques et Archives de la MMSH<\/title>\n<meta name=\"robots\" content=\"index, follow, max-snippet:-1, max-image-preview:large, max-video-preview:-1\" \/>\n<link rel=\"canonical\" href=\"https:\/\/pba.mmsh.fr\/?p=1017\" \/>\n<meta property=\"og:locale\" content=\"fr_FR\" \/>\n<meta property=\"og:type\" content=\"article\" \/>\n<meta property=\"og:title\" content=\"AVENT 2023 - Jour 19 - P\u00f4le Biblioth\u00e8ques et Archives de la MMSH\" \/>\n<meta property=\"og:description\" content=\"Souvenir n\u00b0276 : \u00ab\u00a0Je me souviens que Jean Jaur\u00e8s fut assassin\u00e9 au Caf\u00e9 du Croissant, rue Montmartre.\u00a0\u00bb (Georges Perec, Je me souviens, 1978) Qui se souvient de Raymond Jean ? Le lit-on encore aujourd&rsquo;hui ? Je me souviens l&rsquo;avoir eu comme professeur de litt\u00e9rature \u00e0 l&rsquo;universit\u00e9 alors dite \u00ab\u00a0de Provence\u00a0\u00bb. Il collaborait \u00e0 des revues&hellip; Poursuivre la lecture AVENT 2023 &#8211; Jour 19\" \/>\n<meta property=\"og:url\" content=\"https:\/\/pba.mmsh.fr\/?p=1017\" \/>\n<meta property=\"og:site_name\" content=\"P\u00f4le Biblioth\u00e8ques et Archives de la MMSH\" \/>\n<meta property=\"article:published_time\" content=\"2023-12-19T12:49:23+00:00\" \/>\n<meta property=\"og:image\" content=\"https:\/\/pba.mmsh.fr\/wp-content\/uploads\/2023\/12\/fontaine-obscure.webp\" \/>\n\t<meta property=\"og:image:width\" content=\"500\" \/>\n\t<meta property=\"og:image:height\" content=\"723\" \/>\n\t<meta property=\"og:image:type\" content=\"image\/webp\" \/>\n<meta name=\"author\" content=\"V\u00e9ronique Ginouves\" \/>\n<meta name=\"twitter:card\" content=\"summary_large_image\" \/>\n<meta name=\"twitter:label1\" content=\"\u00c9crit par\" \/>\n\t<meta name=\"twitter:data1\" content=\"V\u00e9ronique Ginouves\" \/>\n\t<meta name=\"twitter:label2\" content=\"Dur\u00e9e de lecture estim\u00e9e\" \/>\n\t<meta name=\"twitter:data2\" content=\"5 minutes\" \/>\n<script type=\"application\/ld+json\" class=\"yoast-schema-graph\">{\"@context\":\"https:\\\/\\\/schema.org\",\"@graph\":[{\"@type\":\"Article\",\"@id\":\"https:\\\/\\\/pba.mmsh.fr\\\/?p=1017#article\",\"isPartOf\":{\"@id\":\"https:\\\/\\\/pba.mmsh.fr\\\/?p=1017\"},\"author\":{\"name\":\"V\u00e9ronique Ginouves\",\"@id\":\"https:\\\/\\\/pba.mmsh.fr\\\/#\\\/schema\\\/person\\\/8a97db2e3f0a73b41ab01cd25eb99682\"},\"headline\":\"AVENT 2023 &#8211; Jour 19\",\"datePublished\":\"2023-12-19T12:49:23+00:00\",\"mainEntityOfPage\":{\"@id\":\"https:\\\/\\\/pba.mmsh.fr\\\/?p=1017\"},\"wordCount\":1019,\"commentCount\":0,\"publisher\":{\"@id\":\"https:\\\/\\\/pba.mmsh.fr\\\/#organization\"},\"image\":{\"@id\":\"https:\\\/\\\/pba.mmsh.fr\\\/?p=1017#primaryimage\"},\"thumbnailUrl\":\"https:\\\/\\\/pba.mmsh.fr\\\/wp-content\\\/uploads\\\/2023\\\/12\\\/fontaine-obscure.webp\",\"keywords\":[\"Je me souviens\"],\"articleSection\":[\"Archives\",\"Calendrier de l'Avent\"],\"inLanguage\":\"fr-FR\",\"potentialAction\":[{\"@type\":\"CommentAction\",\"name\":\"Comment\",\"target\":[\"https:\\\/\\\/pba.mmsh.fr\\\/?p=1017#respond\"]}]},{\"@type\":\"WebPage\",\"@id\":\"https:\\\/\\\/pba.mmsh.fr\\\/?p=1017\",\"url\":\"https:\\\/\\\/pba.mmsh.fr\\\/?p=1017\",\"name\":\"AVENT 2023 - Jour 19 - P\u00f4le Biblioth\u00e8ques et Archives de la MMSH\",\"isPartOf\":{\"@id\":\"https:\\\/\\\/pba.mmsh.fr\\\/#website\"},\"primaryImageOfPage\":{\"@id\":\"https:\\\/\\\/pba.mmsh.fr\\\/?p=1017#primaryimage\"},\"image\":{\"@id\":\"https:\\\/\\\/pba.mmsh.fr\\\/?p=1017#primaryimage\"},\"thumbnailUrl\":\"https:\\\/\\\/pba.mmsh.fr\\\/wp-content\\\/uploads\\\/2023\\\/12\\\/fontaine-obscure.webp\",\"datePublished\":\"2023-12-19T12:49:23+00:00\",\"breadcrumb\":{\"@id\":\"https:\\\/\\\/pba.mmsh.fr\\\/?p=1017#breadcrumb\"},\"inLanguage\":\"fr-FR\",\"potentialAction\":[{\"@type\":\"ReadAction\",\"target\":[\"https:\\\/\\\/pba.mmsh.fr\\\/?p=1017\"]}]},{\"@type\":\"ImageObject\",\"inLanguage\":\"fr-FR\",\"@id\":\"https:\\\/\\\/pba.mmsh.fr\\\/?p=1017#primaryimage\",\"url\":\"https:\\\/\\\/pba.mmsh.fr\\\/wp-content\\\/uploads\\\/2023\\\/12\\\/fontaine-obscure.webp\",\"contentUrl\":\"https:\\\/\\\/pba.mmsh.fr\\\/wp-content\\\/uploads\\\/2023\\\/12\\\/fontaine-obscure.webp\",\"width\":500,\"height\":723},{\"@type\":\"BreadcrumbList\",\"@id\":\"https:\\\/\\\/pba.mmsh.fr\\\/?p=1017#breadcrumb\",\"itemListElement\":[{\"@type\":\"ListItem\",\"position\":1,\"name\":\"Accueil\",\"item\":\"https:\\\/\\\/pba.mmsh.fr\\\/\"},{\"@type\":\"ListItem\",\"position\":2,\"name\":\"AVENT 2023 &#8211; Jour 19\"}]},{\"@type\":\"WebSite\",\"@id\":\"https:\\\/\\\/pba.mmsh.fr\\\/#website\",\"url\":\"https:\\\/\\\/pba.mmsh.fr\\\/\",\"name\":\"P\u00f4le Biblioth\u00e8ques et Archives de la MMSH\",\"description\":\"Biblioth\u00e8ques et Archives \u00e0 la Maison m\u00e9diterran\u00e9enne des sciences de l\u2019homme\",\"publisher\":{\"@id\":\"https:\\\/\\\/pba.mmsh.fr\\\/#organization\"},\"potentialAction\":[{\"@type\":\"SearchAction\",\"target\":{\"@type\":\"EntryPoint\",\"urlTemplate\":\"https:\\\/\\\/pba.mmsh.fr\\\/?s={search_term_string}\"},\"query-input\":{\"@type\":\"PropertyValueSpecification\",\"valueRequired\":true,\"valueName\":\"search_term_string\"}}],\"inLanguage\":\"fr-FR\"},{\"@type\":\"Organization\",\"@id\":\"https:\\\/\\\/pba.mmsh.fr\\\/#organization\",\"name\":\"P\u00f4le Biblioth\u00e8ques et Archives de la MMSH\",\"url\":\"https:\\\/\\\/pba.mmsh.fr\\\/\",\"logo\":{\"@type\":\"ImageObject\",\"inLanguage\":\"fr-FR\",\"@id\":\"https:\\\/\\\/pba.mmsh.fr\\\/#\\\/schema\\\/logo\\\/image\\\/\",\"url\":\"https:\\\/\\\/pba.mmsh.fr\\\/wp-content\\\/uploads\\\/2026\\\/01\\\/cropped-cropped-LOGO-UAR-MMSHS-coul.png\",\"contentUrl\":\"https:\\\/\\\/pba.mmsh.fr\\\/wp-content\\\/uploads\\\/2026\\\/01\\\/cropped-cropped-LOGO-UAR-MMSHS-coul.png\",\"width\":1161,\"height\":303,\"caption\":\"P\u00f4le Biblioth\u00e8ques et Archives de la MMSH\"},\"image\":{\"@id\":\"https:\\\/\\\/pba.mmsh.fr\\\/#\\\/schema\\\/logo\\\/image\\\/\"}},{\"@type\":\"Person\",\"@id\":\"https:\\\/\\\/pba.mmsh.fr\\\/#\\\/schema\\\/person\\\/8a97db2e3f0a73b41ab01cd25eb99682\",\"name\":\"V\u00e9ronique Ginouves\",\"image\":{\"@type\":\"ImageObject\",\"inLanguage\":\"fr-FR\",\"@id\":\"https:\\\/\\\/secure.gravatar.com\\\/avatar\\\/382e7459f3c6b6f954d8e875d9e211927a78e76138dd8ac149d5c6ff14523297?s=96&d=mm&r=g\",\"url\":\"https:\\\/\\\/secure.gravatar.com\\\/avatar\\\/382e7459f3c6b6f954d8e875d9e211927a78e76138dd8ac149d5c6ff14523297?s=96&d=mm&r=g\",\"contentUrl\":\"https:\\\/\\\/secure.gravatar.com\\\/avatar\\\/382e7459f3c6b6f954d8e875d9e211927a78e76138dd8ac149d5c6ff14523297?s=96&d=mm&r=g\",\"caption\":\"V\u00e9ronique Ginouves\"},\"sameAs\":[\"https:\\\/\\\/phonotheque.hypotheses.org\"],\"url\":\"https:\\\/\\\/pba.mmsh.fr\\\/?author=6\"}]}<\/script>\n<!-- \/ Yoast SEO plugin. -->","yoast_head_json":{"title":"AVENT 2023 - Jour 19 - P\u00f4le Biblioth\u00e8ques et Archives de la MMSH","robots":{"index":"index","follow":"follow","max-snippet":"max-snippet:-1","max-image-preview":"max-image-preview:large","max-video-preview":"max-video-preview:-1"},"canonical":"https:\/\/pba.mmsh.fr\/?p=1017","og_locale":"fr_FR","og_type":"article","og_title":"AVENT 2023 - Jour 19 - P\u00f4le Biblioth\u00e8ques et Archives de la MMSH","og_description":"Souvenir n\u00b0276 : \u00ab\u00a0Je me souviens que Jean Jaur\u00e8s fut assassin\u00e9 au Caf\u00e9 du Croissant, rue Montmartre.\u00a0\u00bb (Georges Perec, Je me souviens, 1978) Qui se souvient de Raymond Jean ? Le lit-on encore aujourd&rsquo;hui ? Je me souviens l&rsquo;avoir eu comme professeur de litt\u00e9rature \u00e0 l&rsquo;universit\u00e9 alors dite \u00ab\u00a0de Provence\u00a0\u00bb. Il collaborait \u00e0 des revues&hellip; Poursuivre la lecture AVENT 2023 &#8211; Jour 19","og_url":"https:\/\/pba.mmsh.fr\/?p=1017","og_site_name":"P\u00f4le Biblioth\u00e8ques et Archives de la MMSH","article_published_time":"2023-12-19T12:49:23+00:00","og_image":[{"width":500,"height":723,"url":"https:\/\/pba.mmsh.fr\/wp-content\/uploads\/2023\/12\/fontaine-obscure.webp","type":"image\/webp"}],"author":"V\u00e9ronique Ginouves","twitter_card":"summary_large_image","twitter_misc":{"\u00c9crit par":"V\u00e9ronique Ginouves","Dur\u00e9e de lecture estim\u00e9e":"5 minutes"},"schema":{"@context":"https:\/\/schema.org","@graph":[{"@type":"Article","@id":"https:\/\/pba.mmsh.fr\/?p=1017#article","isPartOf":{"@id":"https:\/\/pba.mmsh.fr\/?p=1017"},"author":{"name":"V\u00e9ronique Ginouves","@id":"https:\/\/pba.mmsh.fr\/#\/schema\/person\/8a97db2e3f0a73b41ab01cd25eb99682"},"headline":"AVENT 2023 &#8211; Jour 19","datePublished":"2023-12-19T12:49:23+00:00","mainEntityOfPage":{"@id":"https:\/\/pba.mmsh.fr\/?p=1017"},"wordCount":1019,"commentCount":0,"publisher":{"@id":"https:\/\/pba.mmsh.fr\/#organization"},"image":{"@id":"https:\/\/pba.mmsh.fr\/?p=1017#primaryimage"},"thumbnailUrl":"https:\/\/pba.mmsh.fr\/wp-content\/uploads\/2023\/12\/fontaine-obscure.webp","keywords":["Je me souviens"],"articleSection":["Archives","Calendrier de l'Avent"],"inLanguage":"fr-FR","potentialAction":[{"@type":"CommentAction","name":"Comment","target":["https:\/\/pba.mmsh.fr\/?p=1017#respond"]}]},{"@type":"WebPage","@id":"https:\/\/pba.mmsh.fr\/?p=1017","url":"https:\/\/pba.mmsh.fr\/?p=1017","name":"AVENT 2023 - Jour 19 - P\u00f4le Biblioth\u00e8ques et Archives de la MMSH","isPartOf":{"@id":"https:\/\/pba.mmsh.fr\/#website"},"primaryImageOfPage":{"@id":"https:\/\/pba.mmsh.fr\/?p=1017#primaryimage"},"image":{"@id":"https:\/\/pba.mmsh.fr\/?p=1017#primaryimage"},"thumbnailUrl":"https:\/\/pba.mmsh.fr\/wp-content\/uploads\/2023\/12\/fontaine-obscure.webp","datePublished":"2023-12-19T12:49:23+00:00","breadcrumb":{"@id":"https:\/\/pba.mmsh.fr\/?p=1017#breadcrumb"},"inLanguage":"fr-FR","potentialAction":[{"@type":"ReadAction","target":["https:\/\/pba.mmsh.fr\/?p=1017"]}]},{"@type":"ImageObject","inLanguage":"fr-FR","@id":"https:\/\/pba.mmsh.fr\/?p=1017#primaryimage","url":"https:\/\/pba.mmsh.fr\/wp-content\/uploads\/2023\/12\/fontaine-obscure.webp","contentUrl":"https:\/\/pba.mmsh.fr\/wp-content\/uploads\/2023\/12\/fontaine-obscure.webp","width":500,"height":723},{"@type":"BreadcrumbList","@id":"https:\/\/pba.mmsh.fr\/?p=1017#breadcrumb","itemListElement":[{"@type":"ListItem","position":1,"name":"Accueil","item":"https:\/\/pba.mmsh.fr\/"},{"@type":"ListItem","position":2,"name":"AVENT 2023 &#8211; Jour 19"}]},{"@type":"WebSite","@id":"https:\/\/pba.mmsh.fr\/#website","url":"https:\/\/pba.mmsh.fr\/","name":"P\u00f4le Biblioth\u00e8ques et Archives de la MMSH","description":"Biblioth\u00e8ques et Archives \u00e0 la Maison m\u00e9diterran\u00e9enne des sciences de l\u2019homme","publisher":{"@id":"https:\/\/pba.mmsh.fr\/#organization"},"potentialAction":[{"@type":"SearchAction","target":{"@type":"EntryPoint","urlTemplate":"https:\/\/pba.mmsh.fr\/?s={search_term_string}"},"query-input":{"@type":"PropertyValueSpecification","valueRequired":true,"valueName":"search_term_string"}}],"inLanguage":"fr-FR"},{"@type":"Organization","@id":"https:\/\/pba.mmsh.fr\/#organization","name":"P\u00f4le Biblioth\u00e8ques et Archives de la MMSH","url":"https:\/\/pba.mmsh.fr\/","logo":{"@type":"ImageObject","inLanguage":"fr-FR","@id":"https:\/\/pba.mmsh.fr\/#\/schema\/logo\/image\/","url":"https:\/\/pba.mmsh.fr\/wp-content\/uploads\/2026\/01\/cropped-cropped-LOGO-UAR-MMSHS-coul.png","contentUrl":"https:\/\/pba.mmsh.fr\/wp-content\/uploads\/2026\/01\/cropped-cropped-LOGO-UAR-MMSHS-coul.png","width":1161,"height":303,"caption":"P\u00f4le Biblioth\u00e8ques et Archives de la MMSH"},"image":{"@id":"https:\/\/pba.mmsh.fr\/#\/schema\/logo\/image\/"}},{"@type":"Person","@id":"https:\/\/pba.mmsh.fr\/#\/schema\/person\/8a97db2e3f0a73b41ab01cd25eb99682","name":"V\u00e9ronique Ginouves","image":{"@type":"ImageObject","inLanguage":"fr-FR","@id":"https:\/\/secure.gravatar.com\/avatar\/382e7459f3c6b6f954d8e875d9e211927a78e76138dd8ac149d5c6ff14523297?s=96&d=mm&r=g","url":"https:\/\/secure.gravatar.com\/avatar\/382e7459f3c6b6f954d8e875d9e211927a78e76138dd8ac149d5c6ff14523297?s=96&d=mm&r=g","contentUrl":"https:\/\/secure.gravatar.com\/avatar\/382e7459f3c6b6f954d8e875d9e211927a78e76138dd8ac149d5c6ff14523297?s=96&d=mm&r=g","caption":"V\u00e9ronique Ginouves"},"sameAs":["https:\/\/phonotheque.hypotheses.org"],"url":"https:\/\/pba.mmsh.fr\/?author=6"}]}},"_links":{"self":[{"href":"https:\/\/pba.mmsh.fr\/index.php?rest_route=\/wp\/v2\/posts\/1017","targetHints":{"allow":["GET"]}}],"collection":[{"href":"https:\/\/pba.mmsh.fr\/index.php?rest_route=\/wp\/v2\/posts"}],"about":[{"href":"https:\/\/pba.mmsh.fr\/index.php?rest_route=\/wp\/v2\/types\/post"}],"author":[{"embeddable":true,"href":"https:\/\/pba.mmsh.fr\/index.php?rest_route=\/wp\/v2\/users\/6"}],"replies":[{"embeddable":true,"href":"https:\/\/pba.mmsh.fr\/index.php?rest_route=%2Fwp%2Fv2%2Fcomments&post=1017"}],"version-history":[{"count":8,"href":"https:\/\/pba.mmsh.fr\/index.php?rest_route=\/wp\/v2\/posts\/1017\/revisions"}],"predecessor-version":[{"id":1312,"href":"https:\/\/pba.mmsh.fr\/index.php?rest_route=\/wp\/v2\/posts\/1017\/revisions\/1312"}],"wp:featuredmedia":[{"embeddable":true,"href":"https:\/\/pba.mmsh.fr\/index.php?rest_route=\/wp\/v2\/media\/1310"}],"wp:attachment":[{"href":"https:\/\/pba.mmsh.fr\/index.php?rest_route=%2Fwp%2Fv2%2Fmedia&parent=1017"}],"wp:term":[{"taxonomy":"category","embeddable":true,"href":"https:\/\/pba.mmsh.fr\/index.php?rest_route=%2Fwp%2Fv2%2Fcategories&post=1017"},{"taxonomy":"post_tag","embeddable":true,"href":"https:\/\/pba.mmsh.fr\/index.php?rest_route=%2Fwp%2Fv2%2Ftags&post=1017"}],"curies":[{"name":"wp","href":"https:\/\/api.w.org\/{rel}","templated":true}]}}