{"id":1453,"date":"2024-01-08T16:31:08","date_gmt":"2024-01-08T15:31:08","guid":{"rendered":"https:\/\/pba.mmsh.fr\/?p=1453"},"modified":"2024-04-17T11:59:07","modified_gmt":"2024-04-17T09:59:07","slug":"avent-2023-la-collecte-de-vos-souvenirs","status":"publish","type":"post","link":"https:\/\/pba.mmsh.fr\/?p=1453","title":{"rendered":"AVENT 2023 : La collecte de vos souvenirs"},"content":{"rendered":"\n<p>Le calendrier de l\u2019Avent du P\u00f4le biblioth\u00e8ques et archives invitait ses lectrices et visiteurs \u00e0 partager, \u00e0 la mani\u00e8re de Georges Perec, leur propres \u00ab\u00a0Je me souviens\u00a0\u00bb. Voici les souvenirs que vous nous avez partag\u00e9s. Merci de votre participation !<\/p>\n\n\n\n<p><strong>1. <\/strong>\u00ab Je me souviens de la toute premi\u00e8re fois. Toute premi\u00e8re fois. Toute premi\u00e8re fois. \u00bb<\/p>\n\n\n\n<p><strong>2. <\/strong>\u00ab Je me souviens chez ma nounou. Je joue avec une petite fille qui est gard\u00e9e avec moi. Elle me dit de rester derri\u00e8re la porte : \u00ab\u00a0Tu restes l\u00e0 ma cocotte, ma cocotte-minute.\u00a0\u00bb J&rsquo;\u00e9tais hilare. \u00bb<\/p>\n\n\n\n<p><strong>3. <\/strong>\u00ab Je me souviens que j&rsquo;ai \u00e9tudi\u00e9 <em>W ou les souvenirs de l&rsquo;enfance <\/em>avec Anne Roche, professeure de litt\u00e9rature. \u00bb<\/p>\n\n\n\n<p><strong>4. <\/strong>\u00ab Je me souviens de Monsieur R., le directeur de l&rsquo;\u00e9cole, qu&rsquo;on avait vu descendre en pantoufles durant la r\u00e9cr\u00e9ation. \u00bb<\/p>\n\n\n\n<p><strong>5. <\/strong>\u00ab Je me souviens du torrent savoyard qui chantait dans la montagne de mon enfance. \u00bb Chantal<\/p>\n\n\n\n<p><strong>6. <\/strong>\u00ab Je me souviens de l&rsquo;odeur enivrante des melons du Cageot de Georges Perec&#8230; et de la chair des melons fra\u00eechement cueillis par les paysans de la plaine de la Durance&#8230; accompagn\u00e9s d&rsquo;un doigt de vin de noix e quelques feuilles de menthe&#8230; \u00bb Cyril<\/p>\n\n\n\n<p><strong>7. <\/strong>\u00ab Je me souviens de la joie \u00e0 l&rsquo;id\u00e9e de partir voir ma famille \u00e0 Montauban au d\u00e9but des vacances de No\u00ebl. \u00bb Martin<\/p>\n\n\n\n<p><strong>8. <\/strong>\u00ab Je me souviens de quand tu \u00e9tais vivante. \u00bb<\/p>\n\n\n\n<p><strong>9. <\/strong>\u00ab Je me souviens des gants noirs aux doigts multicolores, dans la cour du coll\u00e8ge. \u00bb<\/p>\n\n\n\n<p><strong>10.<\/strong> \u00ab Je me souviens de mon grand p\u00e8re sur la moissonneuse batteuse et moi \u00e0 c\u00f4t\u00e9 de lui \u00bb<\/p>\n\n\n\n<p><strong>11. <\/strong>\u00ab Je me souviens de creuser des grottes dans les bancs de neige apr\u00e8s le passage des d\u00e9neigeurs \u00bb<\/p>\n\n\n\n<p><strong>12. <\/strong>\u00ab Je me souviens du gar\u00e7on avec des cheveux boucl\u00e9s et des moon boots marrons. Il \u00e9tait trop mignon. Nous \u00e9tions en CP. \u00bb<\/p>\n\n\n\n<p><strong>13. <\/strong>\u00ab Je me souviens d&rsquo;un concert unique au monde, donn\u00e9 le 5 juillet 2006 par les 120 musiciens de l&rsquo;orchestre philarmonique de Berlin, au pied de la Sainte Victoire, au coucher du soleil. L&rsquo;odeur de la garrigue, le chant des cigales, les caresses du vent se sont un temps m\u00eal\u00e9s \u00e0 la symphonie, lui laissant progressivement prendre tout l&rsquo;espace de nos sens dans l&rsquo;infini du ciel \u00e9toil\u00e9. \u00bb<\/p>\n\n\n\n<p><strong>14. <\/strong>\u00ab Je me souviens du bruit de la place publique, des inconnus autour d&rsquo;une table qui dissertaient du m\u00eame sujet sans le savoir de la d\u00e9couverte d&rsquo;un \u00e9l\u00e9nuant (?) commun bien dissimul\u00e9 dans des diff\u00e9rences de forme. \u00bb <\/p>\n\n\n\n<p><strong>15.<\/strong> \u00ab Je me souviens du sentiment que j&rsquo;ai eu \u00e0 la d\u00e9couverte d&rsquo;un mot \u00e0 la fois banal et singulier, des \u00e9motions toujours nouvelles qu&rsquo;il provoque \u00e0 chaque nouvelle rencontre. \u00bb <\/p>\n\n\n\n<p><strong>16.<\/strong> \u00ab Je me souviens du petit carnet noir dans lequel je notais mes \u00ab\u00a0notes pr\u00e9cieuses\u00a0\u00bb r\u00e9colt\u00e9es au fil de mes lectures. Aujourd&rsquo;hui, je continue ma collection de \u00ab\u00a0notes pr\u00e9cieuses\u00a0\u00bb&#8230; \u00bb <\/p>\n\n\n\n<p><strong>17. <\/strong>\u00ab Je me souviens du mot \u00ab\u00a0Ponge\u00a0\u00bb, qui me ram\u00e8ne 4 ans en arri\u00e8re, lorsque j&rsquo;\u00e9tudiais son \u0153uvre <em>Le parti pris des choses<\/em> \u00e0 l&rsquo;Universit\u00e9 libre de Berlin. \u00ab\u00a0Histoire de l&rsquo;hu\u00eetre\u00a0\u00bb, \u00ab\u00a0la bougie\u00a0\u00bb, \u00ab\u00a0la pluie\u00a0\u00bb ou \u00ab\u00a0le verre d&rsquo;eau\u00a0\u00bb sont autant de textes qui m&rsquo;ont accompagn\u00e9e. \u00bb <\/p>\n\n\n\n<p><\/p>\n","protected":false},"excerpt":{"rendered":"<p>Le calendrier de l\u2019Avent du P\u00f4le biblioth\u00e8ques et archives invitait ses lectrices et visiteurs \u00e0 partager, \u00e0 la mani\u00e8re de Georges Perec, leur propres \u00ab\u00a0Je me souviens\u00a0\u00bb. Voici les souvenirs que vous nous avez partag\u00e9s. Merci de votre participation ! 1. \u00ab Je me souviens de la toute premi\u00e8re fois. Toute premi\u00e8re fois. Toute premi\u00e8re&hellip; <a class=\"more-link\" href=\"https:\/\/pba.mmsh.fr\/?p=1453\">Poursuivre la lecture <span class=\"screen-reader-text\">AVENT 2023 : La collecte de vos souvenirs<\/span><\/a><\/p>\n","protected":false},"author":4,"featured_media":1642,"comment_status":"open","ping_status":"open","sticky":false,"template":"","format":"standard","meta":{"footnotes":""},"categories":[41,66],"tags":[67],"class_list":["post-1453","post","type-post","status-publish","format-standard","has-post-thumbnail","hentry","category-archives","category-calendrier-de-lavent","tag-je-me-souviens","entry"],"yoast_head":"<!-- This site is optimized with the Yoast SEO plugin v27.5 - https:\/\/yoast.com\/product\/yoast-seo-wordpress\/ -->\n<title>AVENT 2023 : La collecte de vos souvenirs - P\u00f4le Biblioth\u00e8ques et Archives de la MMSH<\/title>\n<meta name=\"robots\" content=\"index, follow, max-snippet:-1, max-image-preview:large, max-video-preview:-1\" \/>\n<link rel=\"canonical\" href=\"https:\/\/pba.mmsh.fr\/?p=1453\" \/>\n<meta property=\"og:locale\" content=\"fr_FR\" \/>\n<meta property=\"og:type\" content=\"article\" \/>\n<meta property=\"og:title\" content=\"AVENT 2023 : La collecte de vos souvenirs - P\u00f4le Biblioth\u00e8ques et Archives de la MMSH\" \/>\n<meta property=\"og:description\" content=\"Le calendrier de l\u2019Avent du P\u00f4le biblioth\u00e8ques et archives invitait ses lectrices et visiteurs \u00e0 partager, \u00e0 la mani\u00e8re de Georges Perec, leur propres \u00ab\u00a0Je me souviens\u00a0\u00bb. Voici les souvenirs que vous nous avez partag\u00e9s. Merci de votre participation ! 1. \u00ab Je me souviens de la toute premi\u00e8re fois. Toute premi\u00e8re fois. Toute premi\u00e8re&hellip; Poursuivre la lecture AVENT 2023 : La collecte de vos souvenirs\" \/>\n<meta property=\"og:url\" content=\"https:\/\/pba.mmsh.fr\/?p=1453\" \/>\n<meta property=\"og:site_name\" content=\"P\u00f4le Biblioth\u00e8ques et Archives de la MMSH\" \/>\n<meta property=\"article:published_time\" content=\"2024-01-08T15:31:08+00:00\" \/>\n<meta property=\"article:modified_time\" content=\"2024-04-17T09:59:07+00:00\" \/>\n<meta property=\"og:image\" content=\"https:\/\/pba.mmsh.fr\/wp-content\/uploads\/2024\/01\/avent-2023-e1713347941707.jpg\" \/>\n\t<meta property=\"og:image:width\" content=\"400\" \/>\n\t<meta property=\"og:image:height\" content=\"711\" \/>\n\t<meta property=\"og:image:type\" content=\"image\/jpeg\" \/>\n<meta name=\"author\" content=\"Emilie Groshens\" \/>\n<meta name=\"twitter:card\" content=\"summary_large_image\" \/>\n<meta name=\"twitter:label1\" content=\"\u00c9crit par\" \/>\n\t<meta name=\"twitter:data1\" content=\"Emilie Groshens\" \/>\n\t<meta name=\"twitter:label2\" content=\"Dur\u00e9e de lecture estim\u00e9e\" \/>\n\t<meta name=\"twitter:data2\" content=\"3 minutes\" \/>\n<script type=\"application\/ld+json\" class=\"yoast-schema-graph\">{\"@context\":\"https:\\\/\\\/schema.org\",\"@graph\":[{\"@type\":\"Article\",\"@id\":\"https:\\\/\\\/pba.mmsh.fr\\\/?p=1453#article\",\"isPartOf\":{\"@id\":\"https:\\\/\\\/pba.mmsh.fr\\\/?p=1453\"},\"author\":{\"name\":\"Emilie Groshens\",\"@id\":\"https:\\\/\\\/pba.mmsh.fr\\\/#\\\/schema\\\/person\\\/9e4006ea0cc9fe2033968a81fa833221\"},\"headline\":\"AVENT 2023 : La collecte de vos souvenirs\",\"datePublished\":\"2024-01-08T15:31:08+00:00\",\"dateModified\":\"2024-04-17T09:59:07+00:00\",\"mainEntityOfPage\":{\"@id\":\"https:\\\/\\\/pba.mmsh.fr\\\/?p=1453\"},\"wordCount\":541,\"commentCount\":0,\"publisher\":{\"@id\":\"https:\\\/\\\/pba.mmsh.fr\\\/#organization\"},\"image\":{\"@id\":\"https:\\\/\\\/pba.mmsh.fr\\\/?p=1453#primaryimage\"},\"thumbnailUrl\":\"https:\\\/\\\/pba.mmsh.fr\\\/wp-content\\\/uploads\\\/2024\\\/01\\\/avent-2023-e1713347941707.jpg\",\"keywords\":[\"Je me souviens\"],\"articleSection\":[\"Archives\",\"Calendrier de l'Avent\"],\"inLanguage\":\"fr-FR\",\"potentialAction\":[{\"@type\":\"CommentAction\",\"name\":\"Comment\",\"target\":[\"https:\\\/\\\/pba.mmsh.fr\\\/?p=1453#respond\"]}]},{\"@type\":\"WebPage\",\"@id\":\"https:\\\/\\\/pba.mmsh.fr\\\/?p=1453\",\"url\":\"https:\\\/\\\/pba.mmsh.fr\\\/?p=1453\",\"name\":\"AVENT 2023 : La collecte de vos souvenirs - P\u00f4le Biblioth\u00e8ques et Archives de la MMSH\",\"isPartOf\":{\"@id\":\"https:\\\/\\\/pba.mmsh.fr\\\/#website\"},\"primaryImageOfPage\":{\"@id\":\"https:\\\/\\\/pba.mmsh.fr\\\/?p=1453#primaryimage\"},\"image\":{\"@id\":\"https:\\\/\\\/pba.mmsh.fr\\\/?p=1453#primaryimage\"},\"thumbnailUrl\":\"https:\\\/\\\/pba.mmsh.fr\\\/wp-content\\\/uploads\\\/2024\\\/01\\\/avent-2023-e1713347941707.jpg\",\"datePublished\":\"2024-01-08T15:31:08+00:00\",\"dateModified\":\"2024-04-17T09:59:07+00:00\",\"breadcrumb\":{\"@id\":\"https:\\\/\\\/pba.mmsh.fr\\\/?p=1453#breadcrumb\"},\"inLanguage\":\"fr-FR\",\"potentialAction\":[{\"@type\":\"ReadAction\",\"target\":[\"https:\\\/\\\/pba.mmsh.fr\\\/?p=1453\"]}]},{\"@type\":\"ImageObject\",\"inLanguage\":\"fr-FR\",\"@id\":\"https:\\\/\\\/pba.mmsh.fr\\\/?p=1453#primaryimage\",\"url\":\"https:\\\/\\\/pba.mmsh.fr\\\/wp-content\\\/uploads\\\/2024\\\/01\\\/avent-2023-e1713347941707.jpg\",\"contentUrl\":\"https:\\\/\\\/pba.mmsh.fr\\\/wp-content\\\/uploads\\\/2024\\\/01\\\/avent-2023-e1713347941707.jpg\",\"width\":400,\"height\":711},{\"@type\":\"BreadcrumbList\",\"@id\":\"https:\\\/\\\/pba.mmsh.fr\\\/?p=1453#breadcrumb\",\"itemListElement\":[{\"@type\":\"ListItem\",\"position\":1,\"name\":\"Accueil\",\"item\":\"https:\\\/\\\/pba.mmsh.fr\\\/\"},{\"@type\":\"ListItem\",\"position\":2,\"name\":\"AVENT 2023 : La collecte de vos souvenirs\"}]},{\"@type\":\"WebSite\",\"@id\":\"https:\\\/\\\/pba.mmsh.fr\\\/#website\",\"url\":\"https:\\\/\\\/pba.mmsh.fr\\\/\",\"name\":\"P\u00f4le Biblioth\u00e8ques et Archives de la MMSH\",\"description\":\"Biblioth\u00e8ques et Archives \u00e0 la Maison m\u00e9diterran\u00e9enne des sciences de l\u2019homme\",\"publisher\":{\"@id\":\"https:\\\/\\\/pba.mmsh.fr\\\/#organization\"},\"potentialAction\":[{\"@type\":\"SearchAction\",\"target\":{\"@type\":\"EntryPoint\",\"urlTemplate\":\"https:\\\/\\\/pba.mmsh.fr\\\/?s={search_term_string}\"},\"query-input\":{\"@type\":\"PropertyValueSpecification\",\"valueRequired\":true,\"valueName\":\"search_term_string\"}}],\"inLanguage\":\"fr-FR\"},{\"@type\":\"Organization\",\"@id\":\"https:\\\/\\\/pba.mmsh.fr\\\/#organization\",\"name\":\"P\u00f4le Biblioth\u00e8ques et Archives de la MMSH\",\"url\":\"https:\\\/\\\/pba.mmsh.fr\\\/\",\"logo\":{\"@type\":\"ImageObject\",\"inLanguage\":\"fr-FR\",\"@id\":\"https:\\\/\\\/pba.mmsh.fr\\\/#\\\/schema\\\/logo\\\/image\\\/\",\"url\":\"https:\\\/\\\/pba.mmsh.fr\\\/wp-content\\\/uploads\\\/2026\\\/01\\\/cropped-cropped-LOGO-UAR-MMSHS-coul.png\",\"contentUrl\":\"https:\\\/\\\/pba.mmsh.fr\\\/wp-content\\\/uploads\\\/2026\\\/01\\\/cropped-cropped-LOGO-UAR-MMSHS-coul.png\",\"width\":1161,\"height\":303,\"caption\":\"P\u00f4le Biblioth\u00e8ques et Archives de la MMSH\"},\"image\":{\"@id\":\"https:\\\/\\\/pba.mmsh.fr\\\/#\\\/schema\\\/logo\\\/image\\\/\"}},{\"@type\":\"Person\",\"@id\":\"https:\\\/\\\/pba.mmsh.fr\\\/#\\\/schema\\\/person\\\/9e4006ea0cc9fe2033968a81fa833221\",\"name\":\"Emilie Groshens\",\"image\":{\"@type\":\"ImageObject\",\"inLanguage\":\"fr-FR\",\"@id\":\"https:\\\/\\\/secure.gravatar.com\\\/avatar\\\/23e99ead3846ab2e4804ee2da3d6d8fd2353e40c87cf8171d452394634e49b13?s=96&d=mm&r=g\",\"url\":\"https:\\\/\\\/secure.gravatar.com\\\/avatar\\\/23e99ead3846ab2e4804ee2da3d6d8fd2353e40c87cf8171d452394634e49b13?s=96&d=mm&r=g\",\"contentUrl\":\"https:\\\/\\\/secure.gravatar.com\\\/avatar\\\/23e99ead3846ab2e4804ee2da3d6d8fd2353e40c87cf8171d452394634e49b13?s=96&d=mm&r=g\",\"caption\":\"Emilie Groshens\"},\"url\":\"https:\\\/\\\/pba.mmsh.fr\\\/?author=4\"}]}<\/script>\n<!-- \/ Yoast SEO plugin. -->","yoast_head_json":{"title":"AVENT 2023 : La collecte de vos souvenirs - P\u00f4le Biblioth\u00e8ques et Archives de la MMSH","robots":{"index":"index","follow":"follow","max-snippet":"max-snippet:-1","max-image-preview":"max-image-preview:large","max-video-preview":"max-video-preview:-1"},"canonical":"https:\/\/pba.mmsh.fr\/?p=1453","og_locale":"fr_FR","og_type":"article","og_title":"AVENT 2023 : La collecte de vos souvenirs - P\u00f4le Biblioth\u00e8ques et Archives de la MMSH","og_description":"Le calendrier de l\u2019Avent du P\u00f4le biblioth\u00e8ques et archives invitait ses lectrices et visiteurs \u00e0 partager, \u00e0 la mani\u00e8re de Georges Perec, leur propres \u00ab\u00a0Je me souviens\u00a0\u00bb. Voici les souvenirs que vous nous avez partag\u00e9s. Merci de votre participation ! 1. \u00ab Je me souviens de la toute premi\u00e8re fois. Toute premi\u00e8re fois. Toute premi\u00e8re&hellip; Poursuivre la lecture AVENT 2023 : La collecte de vos souvenirs","og_url":"https:\/\/pba.mmsh.fr\/?p=1453","og_site_name":"P\u00f4le Biblioth\u00e8ques et Archives de la MMSH","article_published_time":"2024-01-08T15:31:08+00:00","article_modified_time":"2024-04-17T09:59:07+00:00","og_image":[{"width":400,"height":711,"url":"https:\/\/pba.mmsh.fr\/wp-content\/uploads\/2024\/01\/avent-2023-e1713347941707.jpg","type":"image\/jpeg"}],"author":"Emilie Groshens","twitter_card":"summary_large_image","twitter_misc":{"\u00c9crit par":"Emilie Groshens","Dur\u00e9e de lecture estim\u00e9e":"3 minutes"},"schema":{"@context":"https:\/\/schema.org","@graph":[{"@type":"Article","@id":"https:\/\/pba.mmsh.fr\/?p=1453#article","isPartOf":{"@id":"https:\/\/pba.mmsh.fr\/?p=1453"},"author":{"name":"Emilie Groshens","@id":"https:\/\/pba.mmsh.fr\/#\/schema\/person\/9e4006ea0cc9fe2033968a81fa833221"},"headline":"AVENT 2023 : La collecte de vos souvenirs","datePublished":"2024-01-08T15:31:08+00:00","dateModified":"2024-04-17T09:59:07+00:00","mainEntityOfPage":{"@id":"https:\/\/pba.mmsh.fr\/?p=1453"},"wordCount":541,"commentCount":0,"publisher":{"@id":"https:\/\/pba.mmsh.fr\/#organization"},"image":{"@id":"https:\/\/pba.mmsh.fr\/?p=1453#primaryimage"},"thumbnailUrl":"https:\/\/pba.mmsh.fr\/wp-content\/uploads\/2024\/01\/avent-2023-e1713347941707.jpg","keywords":["Je me souviens"],"articleSection":["Archives","Calendrier de l'Avent"],"inLanguage":"fr-FR","potentialAction":[{"@type":"CommentAction","name":"Comment","target":["https:\/\/pba.mmsh.fr\/?p=1453#respond"]}]},{"@type":"WebPage","@id":"https:\/\/pba.mmsh.fr\/?p=1453","url":"https:\/\/pba.mmsh.fr\/?p=1453","name":"AVENT 2023 : La collecte de vos souvenirs - P\u00f4le Biblioth\u00e8ques et Archives de la MMSH","isPartOf":{"@id":"https:\/\/pba.mmsh.fr\/#website"},"primaryImageOfPage":{"@id":"https:\/\/pba.mmsh.fr\/?p=1453#primaryimage"},"image":{"@id":"https:\/\/pba.mmsh.fr\/?p=1453#primaryimage"},"thumbnailUrl":"https:\/\/pba.mmsh.fr\/wp-content\/uploads\/2024\/01\/avent-2023-e1713347941707.jpg","datePublished":"2024-01-08T15:31:08+00:00","dateModified":"2024-04-17T09:59:07+00:00","breadcrumb":{"@id":"https:\/\/pba.mmsh.fr\/?p=1453#breadcrumb"},"inLanguage":"fr-FR","potentialAction":[{"@type":"ReadAction","target":["https:\/\/pba.mmsh.fr\/?p=1453"]}]},{"@type":"ImageObject","inLanguage":"fr-FR","@id":"https:\/\/pba.mmsh.fr\/?p=1453#primaryimage","url":"https:\/\/pba.mmsh.fr\/wp-content\/uploads\/2024\/01\/avent-2023-e1713347941707.jpg","contentUrl":"https:\/\/pba.mmsh.fr\/wp-content\/uploads\/2024\/01\/avent-2023-e1713347941707.jpg","width":400,"height":711},{"@type":"BreadcrumbList","@id":"https:\/\/pba.mmsh.fr\/?p=1453#breadcrumb","itemListElement":[{"@type":"ListItem","position":1,"name":"Accueil","item":"https:\/\/pba.mmsh.fr\/"},{"@type":"ListItem","position":2,"name":"AVENT 2023 : La collecte de vos souvenirs"}]},{"@type":"WebSite","@id":"https:\/\/pba.mmsh.fr\/#website","url":"https:\/\/pba.mmsh.fr\/","name":"P\u00f4le Biblioth\u00e8ques et Archives de la MMSH","description":"Biblioth\u00e8ques et Archives \u00e0 la Maison m\u00e9diterran\u00e9enne des sciences de l\u2019homme","publisher":{"@id":"https:\/\/pba.mmsh.fr\/#organization"},"potentialAction":[{"@type":"SearchAction","target":{"@type":"EntryPoint","urlTemplate":"https:\/\/pba.mmsh.fr\/?s={search_term_string}"},"query-input":{"@type":"PropertyValueSpecification","valueRequired":true,"valueName":"search_term_string"}}],"inLanguage":"fr-FR"},{"@type":"Organization","@id":"https:\/\/pba.mmsh.fr\/#organization","name":"P\u00f4le Biblioth\u00e8ques et Archives de la MMSH","url":"https:\/\/pba.mmsh.fr\/","logo":{"@type":"ImageObject","inLanguage":"fr-FR","@id":"https:\/\/pba.mmsh.fr\/#\/schema\/logo\/image\/","url":"https:\/\/pba.mmsh.fr\/wp-content\/uploads\/2026\/01\/cropped-cropped-LOGO-UAR-MMSHS-coul.png","contentUrl":"https:\/\/pba.mmsh.fr\/wp-content\/uploads\/2026\/01\/cropped-cropped-LOGO-UAR-MMSHS-coul.png","width":1161,"height":303,"caption":"P\u00f4le Biblioth\u00e8ques et Archives de la MMSH"},"image":{"@id":"https:\/\/pba.mmsh.fr\/#\/schema\/logo\/image\/"}},{"@type":"Person","@id":"https:\/\/pba.mmsh.fr\/#\/schema\/person\/9e4006ea0cc9fe2033968a81fa833221","name":"Emilie Groshens","image":{"@type":"ImageObject","inLanguage":"fr-FR","@id":"https:\/\/secure.gravatar.com\/avatar\/23e99ead3846ab2e4804ee2da3d6d8fd2353e40c87cf8171d452394634e49b13?s=96&d=mm&r=g","url":"https:\/\/secure.gravatar.com\/avatar\/23e99ead3846ab2e4804ee2da3d6d8fd2353e40c87cf8171d452394634e49b13?s=96&d=mm&r=g","contentUrl":"https:\/\/secure.gravatar.com\/avatar\/23e99ead3846ab2e4804ee2da3d6d8fd2353e40c87cf8171d452394634e49b13?s=96&d=mm&r=g","caption":"Emilie Groshens"},"url":"https:\/\/pba.mmsh.fr\/?author=4"}]}},"_links":{"self":[{"href":"https:\/\/pba.mmsh.fr\/index.php?rest_route=\/wp\/v2\/posts\/1453","targetHints":{"allow":["GET"]}}],"collection":[{"href":"https:\/\/pba.mmsh.fr\/index.php?rest_route=\/wp\/v2\/posts"}],"about":[{"href":"https:\/\/pba.mmsh.fr\/index.php?rest_route=\/wp\/v2\/types\/post"}],"author":[{"embeddable":true,"href":"https:\/\/pba.mmsh.fr\/index.php?rest_route=\/wp\/v2\/users\/4"}],"replies":[{"embeddable":true,"href":"https:\/\/pba.mmsh.fr\/index.php?rest_route=%2Fwp%2Fv2%2Fcomments&post=1453"}],"version-history":[{"count":4,"href":"https:\/\/pba.mmsh.fr\/index.php?rest_route=\/wp\/v2\/posts\/1453\/revisions"}],"predecessor-version":[{"id":1460,"href":"https:\/\/pba.mmsh.fr\/index.php?rest_route=\/wp\/v2\/posts\/1453\/revisions\/1460"}],"wp:featuredmedia":[{"embeddable":true,"href":"https:\/\/pba.mmsh.fr\/index.php?rest_route=\/wp\/v2\/media\/1642"}],"wp:attachment":[{"href":"https:\/\/pba.mmsh.fr\/index.php?rest_route=%2Fwp%2Fv2%2Fmedia&parent=1453"}],"wp:term":[{"taxonomy":"category","embeddable":true,"href":"https:\/\/pba.mmsh.fr\/index.php?rest_route=%2Fwp%2Fv2%2Fcategories&post=1453"},{"taxonomy":"post_tag","embeddable":true,"href":"https:\/\/pba.mmsh.fr\/index.php?rest_route=%2Fwp%2Fv2%2Ftags&post=1453"}],"curies":[{"name":"wp","href":"https:\/\/api.w.org\/{rel}","templated":true}]}}