{"id":775,"date":"2023-04-04T17:17:07","date_gmt":"2023-04-04T15:17:07","guid":{"rendered":"https:\/\/pba.mmsh.fr\/?p=775"},"modified":"2023-04-04T17:24:39","modified_gmt":"2023-04-04T15:24:39","slug":"la-mediatheque-recrute-un%c2%b7e-apprenti%c2%b7e-archiviste","status":"publish","type":"post","link":"https:\/\/pba.mmsh.fr\/?p=775","title":{"rendered":"La m\u00e9diath\u00e8que recrute un\u00b7e apprenti\u00b7e archiviste"},"content":{"rendered":"<div class='__iawmlf-post-loop-links' style='display:none;' data-iawmlf-post-links='[{&quot;id&quot;:376,&quot;href&quot;:&quot;https:\\\/\\\/www.pass.fonction-publique.gouv.fr\\\/offre\\\/assistante-archiviste&quot;,&quot;archived_href&quot;:&quot;&quot;,&quot;redirect_href&quot;:&quot;&quot;,&quot;checks&quot;:[],&quot;broken&quot;:false,&quot;last_checked&quot;:null,&quot;process&quot;:&quot;done&quot;}]'><\/div>\n<p>Le secteur \u00ab Archives de la recherche \u00bb diffuse une offre d&#8217;emploi d&rsquo;assistant archiviste en apprentissage pour la rentr\u00e9e de septembre 2023. Les candidatures sont ouvertes. <\/p>\n\n\n\n<!--more-->\n\n\n\n<p>Au sein de la M\u00e9diath\u00e8que de la Maison m\u00e9diterran\u00e9enne des sciences de l\u2019homme (MMSH), le secteur \u00ab Archives de la recherche \u00bb  recueille un vaste patrimoine scientifique \u00e9crit, oral, audiovisuel et photographique sur les mondes m\u00e9diterran\u00e9ens en anthropologie, histoire, g\u00e9ographie, linguistique, architecture, etc., issu de diverses structures de recherche en sciences humaines et sociales et d\u2019organismes culturels, associatifs, publics ou priv\u00e9s.<\/p>\n\n\n\n<p>L\u2019assistant\u00b7e archiviste aura pour mission de contribuer au classement, \u00e0 la conservation, au signalement et \u00e0 la valorisation des donn\u00e9es de la recherche du secteur \u00ab Archives de la recherche \u00bb de la M\u00e9diath\u00e8que de la MMSH.<br>Il\u00b7elle participera \u00e0 l\u2019application des principes FAIR de la science ouverte (Faciles \u00e0 trouver, Accessibles, Interop\u00e9rables, R\u00e9utilisables) au sein de la M\u00e9diath\u00e8que. Les questions de qualit\u00e9 des donn\u00e9es, de m\u00e9tadonn\u00e9es et de r\u00e9f\u00e9rentiels en vue de l\u2019interop\u00e9rabilit\u00e9 et du r\u00e9-usage des archives seront au c\u0153ur des probl\u00e9matiques et des missions confi\u00e9es l\u2019apprenti\u00b7e.<\/p>\n\n\n\n<ul class=\"wp-block-list\">\n<li>D\u00e9but du contrat : septembre 2023<\/li>\n\n\n\n<li>Dur\u00e9e du contrat : 12 mois<\/li>\n<\/ul>\n\n\n\n<p>Consulter le d\u00e9tail de l&rsquo;offre d&#8217;emploi : <a href=\"https:\/\/www.pass.fonction-publique.gouv.fr\/offre\/assistante-archiviste\">https:\/\/www.pass.fonction-publique.gouv.fr\/offre\/assistante-archiviste<\/a> <\/p>\n\n\n\n<p>Pour postuler et obtenir plus d&rsquo;informations : veronique.ginouves [at] univ-amu.fr \/ 04 42 52 41 13<\/p>\n","protected":false},"excerpt":{"rendered":"<p>Le secteur \u00ab Archives de la recherche \u00bb diffuse une offre d&#8217;emploi d&rsquo;assistant archiviste en apprentissage pour la rentr\u00e9e de septembre 2023. Les candidatures sont ouvertes.<\/p>\n","protected":false},"author":4,"featured_media":777,"comment_status":"open","ping_status":"open","sticky":false,"template":"","format":"standard","meta":{"footnotes":""},"categories":[41,20],"tags":[54,62,16,61],"class_list":["post-775","post","type-post","status-publish","format-standard","has-post-thumbnail","hentry","category-archives","category-emploi","tag-archives-sonores","tag-donnees-de-la-recherche","tag-open-access","tag-recrutement","entry"],"yoast_head":"<!-- This site is optimized with the Yoast SEO plugin v27.4 - https:\/\/yoast.com\/product\/yoast-seo-wordpress\/ -->\n<title>La m\u00e9diath\u00e8que recrute un\u00b7e apprenti\u00b7e archiviste - P\u00f4le Biblioth\u00e8ques et Archives de la MMSH<\/title>\n<meta name=\"robots\" content=\"index, follow, max-snippet:-1, max-image-preview:large, max-video-preview:-1\" \/>\n<link rel=\"canonical\" href=\"https:\/\/pba.mmsh.fr\/?p=775\" \/>\n<meta property=\"og:locale\" content=\"fr_FR\" \/>\n<meta property=\"og:type\" content=\"article\" \/>\n<meta property=\"og:title\" content=\"La m\u00e9diath\u00e8que recrute un\u00b7e apprenti\u00b7e archiviste - P\u00f4le Biblioth\u00e8ques et Archives de la MMSH\" \/>\n<meta property=\"og:description\" content=\"Le secteur \u00ab Archives de la recherche \u00bb diffuse une offre d&#8217;emploi d&rsquo;assistant archiviste en apprentissage pour la rentr\u00e9e de septembre 2023. Les candidatures sont ouvertes.\" \/>\n<meta property=\"og:url\" content=\"https:\/\/pba.mmsh.fr\/?p=775\" \/>\n<meta property=\"og:site_name\" content=\"P\u00f4le Biblioth\u00e8ques et Archives de la MMSH\" \/>\n<meta property=\"article:published_time\" content=\"2023-04-04T15:17:07+00:00\" \/>\n<meta property=\"article:modified_time\" content=\"2023-04-04T15:24:39+00:00\" \/>\n<meta property=\"og:image\" content=\"https:\/\/pba.mmsh.fr\/wp-content\/uploads\/2023\/04\/CL_175_01-scaled.jpg\" \/>\n\t<meta property=\"og:image:width\" content=\"2560\" \/>\n\t<meta property=\"og:image:height\" content=\"1691\" \/>\n\t<meta property=\"og:image:type\" content=\"image\/jpeg\" \/>\n<meta name=\"author\" content=\"Emilie Groshens\" \/>\n<meta name=\"twitter:card\" content=\"summary_large_image\" \/>\n<meta name=\"twitter:label1\" content=\"\u00c9crit par\" \/>\n\t<meta name=\"twitter:data1\" content=\"Emilie Groshens\" \/>\n\t<meta name=\"twitter:label2\" content=\"Dur\u00e9e de lecture estim\u00e9e\" \/>\n\t<meta name=\"twitter:data2\" content=\"2 minutes\" \/>\n<script type=\"application\/ld+json\" class=\"yoast-schema-graph\">{\"@context\":\"https:\\\/\\\/schema.org\",\"@graph\":[{\"@type\":\"Article\",\"@id\":\"https:\\\/\\\/pba.mmsh.fr\\\/?p=775#article\",\"isPartOf\":{\"@id\":\"https:\\\/\\\/pba.mmsh.fr\\\/?p=775\"},\"author\":{\"name\":\"Emilie Groshens\",\"@id\":\"https:\\\/\\\/pba.mmsh.fr\\\/#\\\/schema\\\/person\\\/9e4006ea0cc9fe2033968a81fa833221\"},\"headline\":\"La m\u00e9diath\u00e8que recrute un\u00b7e apprenti\u00b7e archiviste\",\"datePublished\":\"2023-04-04T15:17:07+00:00\",\"dateModified\":\"2023-04-04T15:24:39+00:00\",\"mainEntityOfPage\":{\"@id\":\"https:\\\/\\\/pba.mmsh.fr\\\/?p=775\"},\"wordCount\":251,\"commentCount\":0,\"publisher\":{\"@id\":\"https:\\\/\\\/pba.mmsh.fr\\\/#organization\"},\"image\":{\"@id\":\"https:\\\/\\\/pba.mmsh.fr\\\/?p=775#primaryimage\"},\"thumbnailUrl\":\"https:\\\/\\\/pba.mmsh.fr\\\/wp-content\\\/uploads\\\/2023\\\/04\\\/CL_175_01-scaled.jpg\",\"keywords\":[\"archives sonores\",\"donn\u00e9es de la recherche\",\"open-access\",\"recrutement\"],\"articleSection\":[\"Archives\",\"Emploi\"],\"inLanguage\":\"fr-FR\",\"potentialAction\":[{\"@type\":\"CommentAction\",\"name\":\"Comment\",\"target\":[\"https:\\\/\\\/pba.mmsh.fr\\\/?p=775#respond\"]}]},{\"@type\":\"WebPage\",\"@id\":\"https:\\\/\\\/pba.mmsh.fr\\\/?p=775\",\"url\":\"https:\\\/\\\/pba.mmsh.fr\\\/?p=775\",\"name\":\"La m\u00e9diath\u00e8que recrute un\u00b7e apprenti\u00b7e archiviste - P\u00f4le Biblioth\u00e8ques et Archives de la MMSH\",\"isPartOf\":{\"@id\":\"https:\\\/\\\/pba.mmsh.fr\\\/#website\"},\"primaryImageOfPage\":{\"@id\":\"https:\\\/\\\/pba.mmsh.fr\\\/?p=775#primaryimage\"},\"image\":{\"@id\":\"https:\\\/\\\/pba.mmsh.fr\\\/?p=775#primaryimage\"},\"thumbnailUrl\":\"https:\\\/\\\/pba.mmsh.fr\\\/wp-content\\\/uploads\\\/2023\\\/04\\\/CL_175_01-scaled.jpg\",\"datePublished\":\"2023-04-04T15:17:07+00:00\",\"dateModified\":\"2023-04-04T15:24:39+00:00\",\"breadcrumb\":{\"@id\":\"https:\\\/\\\/pba.mmsh.fr\\\/?p=775#breadcrumb\"},\"inLanguage\":\"fr-FR\",\"potentialAction\":[{\"@type\":\"ReadAction\",\"target\":[\"https:\\\/\\\/pba.mmsh.fr\\\/?p=775\"]}]},{\"@type\":\"ImageObject\",\"inLanguage\":\"fr-FR\",\"@id\":\"https:\\\/\\\/pba.mmsh.fr\\\/?p=775#primaryimage\",\"url\":\"https:\\\/\\\/pba.mmsh.fr\\\/wp-content\\\/uploads\\\/2023\\\/04\\\/CL_175_01-scaled.jpg\",\"contentUrl\":\"https:\\\/\\\/pba.mmsh.fr\\\/wp-content\\\/uploads\\\/2023\\\/04\\\/CL_175_01-scaled.jpg\",\"width\":2560,\"height\":1691,\"caption\":\"Maison M\u00e9diterran\u00e9enne Des Sciences de l'Homme Phonoth\u00e8que, Paul Bonnenfant. Fonds Bonnenfant-Outrebon - Sultanat d'Oman - Boutre en r\u00e9paration dans la crique du port de \u1e62\u016br \u00e0 mar\u00e9e basse. Photography. Aix Marseille Univ, CNRS, MMSH, Aix-en-Provence, France - Secteur Archives de la recherche de la M\u00e9diath\u00e8que SHS de la Maison m\u00e9diterran\u00e9enne des sciences de l'homme, \u1e62\u016br, Oman. 1977. \u27e8https:\\\/\\\/hal.science\\\/hal-03825844\\\/\u27e9\"},{\"@type\":\"BreadcrumbList\",\"@id\":\"https:\\\/\\\/pba.mmsh.fr\\\/?p=775#breadcrumb\",\"itemListElement\":[{\"@type\":\"ListItem\",\"position\":1,\"name\":\"Accueil\",\"item\":\"https:\\\/\\\/pba.mmsh.fr\\\/\"},{\"@type\":\"ListItem\",\"position\":2,\"name\":\"La m\u00e9diath\u00e8que recrute un\u00b7e apprenti\u00b7e archiviste\"}]},{\"@type\":\"WebSite\",\"@id\":\"https:\\\/\\\/pba.mmsh.fr\\\/#website\",\"url\":\"https:\\\/\\\/pba.mmsh.fr\\\/\",\"name\":\"P\u00f4le Biblioth\u00e8ques et Archives de la MMSH\",\"description\":\"Biblioth\u00e8ques et Archives \u00e0 la Maison m\u00e9diterran\u00e9enne des sciences de l\u2019homme\",\"publisher\":{\"@id\":\"https:\\\/\\\/pba.mmsh.fr\\\/#organization\"},\"potentialAction\":[{\"@type\":\"SearchAction\",\"target\":{\"@type\":\"EntryPoint\",\"urlTemplate\":\"https:\\\/\\\/pba.mmsh.fr\\\/?s={search_term_string}\"},\"query-input\":{\"@type\":\"PropertyValueSpecification\",\"valueRequired\":true,\"valueName\":\"search_term_string\"}}],\"inLanguage\":\"fr-FR\"},{\"@type\":\"Organization\",\"@id\":\"https:\\\/\\\/pba.mmsh.fr\\\/#organization\",\"name\":\"P\u00f4le Biblioth\u00e8ques et Archives de la MMSH\",\"url\":\"https:\\\/\\\/pba.mmsh.fr\\\/\",\"logo\":{\"@type\":\"ImageObject\",\"inLanguage\":\"fr-FR\",\"@id\":\"https:\\\/\\\/pba.mmsh.fr\\\/#\\\/schema\\\/logo\\\/image\\\/\",\"url\":\"https:\\\/\\\/pba.mmsh.fr\\\/wp-content\\\/uploads\\\/2026\\\/01\\\/cropped-cropped-LOGO-UAR-MMSHS-coul.png\",\"contentUrl\":\"https:\\\/\\\/pba.mmsh.fr\\\/wp-content\\\/uploads\\\/2026\\\/01\\\/cropped-cropped-LOGO-UAR-MMSHS-coul.png\",\"width\":1161,\"height\":303,\"caption\":\"P\u00f4le Biblioth\u00e8ques et Archives de la MMSH\"},\"image\":{\"@id\":\"https:\\\/\\\/pba.mmsh.fr\\\/#\\\/schema\\\/logo\\\/image\\\/\"}},{\"@type\":\"Person\",\"@id\":\"https:\\\/\\\/pba.mmsh.fr\\\/#\\\/schema\\\/person\\\/9e4006ea0cc9fe2033968a81fa833221\",\"name\":\"Emilie Groshens\",\"image\":{\"@type\":\"ImageObject\",\"inLanguage\":\"fr-FR\",\"@id\":\"https:\\\/\\\/secure.gravatar.com\\\/avatar\\\/23e99ead3846ab2e4804ee2da3d6d8fd2353e40c87cf8171d452394634e49b13?s=96&d=mm&r=g\",\"url\":\"https:\\\/\\\/secure.gravatar.com\\\/avatar\\\/23e99ead3846ab2e4804ee2da3d6d8fd2353e40c87cf8171d452394634e49b13?s=96&d=mm&r=g\",\"contentUrl\":\"https:\\\/\\\/secure.gravatar.com\\\/avatar\\\/23e99ead3846ab2e4804ee2da3d6d8fd2353e40c87cf8171d452394634e49b13?s=96&d=mm&r=g\",\"caption\":\"Emilie Groshens\"},\"url\":\"https:\\\/\\\/pba.mmsh.fr\\\/?author=4\"}]}<\/script>\n<!-- \/ Yoast SEO plugin. -->","yoast_head_json":{"title":"La m\u00e9diath\u00e8que recrute un\u00b7e apprenti\u00b7e archiviste - P\u00f4le Biblioth\u00e8ques et Archives de la MMSH","robots":{"index":"index","follow":"follow","max-snippet":"max-snippet:-1","max-image-preview":"max-image-preview:large","max-video-preview":"max-video-preview:-1"},"canonical":"https:\/\/pba.mmsh.fr\/?p=775","og_locale":"fr_FR","og_type":"article","og_title":"La m\u00e9diath\u00e8que recrute un\u00b7e apprenti\u00b7e archiviste - P\u00f4le Biblioth\u00e8ques et Archives de la MMSH","og_description":"Le secteur \u00ab Archives de la recherche \u00bb diffuse une offre d&#8217;emploi d&rsquo;assistant archiviste en apprentissage pour la rentr\u00e9e de septembre 2023. Les candidatures sont ouvertes.","og_url":"https:\/\/pba.mmsh.fr\/?p=775","og_site_name":"P\u00f4le Biblioth\u00e8ques et Archives de la MMSH","article_published_time":"2023-04-04T15:17:07+00:00","article_modified_time":"2023-04-04T15:24:39+00:00","og_image":[{"width":2560,"height":1691,"url":"https:\/\/pba.mmsh.fr\/wp-content\/uploads\/2023\/04\/CL_175_01-scaled.jpg","type":"image\/jpeg"}],"author":"Emilie Groshens","twitter_card":"summary_large_image","twitter_misc":{"\u00c9crit par":"Emilie Groshens","Dur\u00e9e de lecture estim\u00e9e":"2 minutes"},"schema":{"@context":"https:\/\/schema.org","@graph":[{"@type":"Article","@id":"https:\/\/pba.mmsh.fr\/?p=775#article","isPartOf":{"@id":"https:\/\/pba.mmsh.fr\/?p=775"},"author":{"name":"Emilie Groshens","@id":"https:\/\/pba.mmsh.fr\/#\/schema\/person\/9e4006ea0cc9fe2033968a81fa833221"},"headline":"La m\u00e9diath\u00e8que recrute un\u00b7e apprenti\u00b7e archiviste","datePublished":"2023-04-04T15:17:07+00:00","dateModified":"2023-04-04T15:24:39+00:00","mainEntityOfPage":{"@id":"https:\/\/pba.mmsh.fr\/?p=775"},"wordCount":251,"commentCount":0,"publisher":{"@id":"https:\/\/pba.mmsh.fr\/#organization"},"image":{"@id":"https:\/\/pba.mmsh.fr\/?p=775#primaryimage"},"thumbnailUrl":"https:\/\/pba.mmsh.fr\/wp-content\/uploads\/2023\/04\/CL_175_01-scaled.jpg","keywords":["archives sonores","donn\u00e9es de la recherche","open-access","recrutement"],"articleSection":["Archives","Emploi"],"inLanguage":"fr-FR","potentialAction":[{"@type":"CommentAction","name":"Comment","target":["https:\/\/pba.mmsh.fr\/?p=775#respond"]}]},{"@type":"WebPage","@id":"https:\/\/pba.mmsh.fr\/?p=775","url":"https:\/\/pba.mmsh.fr\/?p=775","name":"La m\u00e9diath\u00e8que recrute un\u00b7e apprenti\u00b7e archiviste - P\u00f4le Biblioth\u00e8ques et Archives de la MMSH","isPartOf":{"@id":"https:\/\/pba.mmsh.fr\/#website"},"primaryImageOfPage":{"@id":"https:\/\/pba.mmsh.fr\/?p=775#primaryimage"},"image":{"@id":"https:\/\/pba.mmsh.fr\/?p=775#primaryimage"},"thumbnailUrl":"https:\/\/pba.mmsh.fr\/wp-content\/uploads\/2023\/04\/CL_175_01-scaled.jpg","datePublished":"2023-04-04T15:17:07+00:00","dateModified":"2023-04-04T15:24:39+00:00","breadcrumb":{"@id":"https:\/\/pba.mmsh.fr\/?p=775#breadcrumb"},"inLanguage":"fr-FR","potentialAction":[{"@type":"ReadAction","target":["https:\/\/pba.mmsh.fr\/?p=775"]}]},{"@type":"ImageObject","inLanguage":"fr-FR","@id":"https:\/\/pba.mmsh.fr\/?p=775#primaryimage","url":"https:\/\/pba.mmsh.fr\/wp-content\/uploads\/2023\/04\/CL_175_01-scaled.jpg","contentUrl":"https:\/\/pba.mmsh.fr\/wp-content\/uploads\/2023\/04\/CL_175_01-scaled.jpg","width":2560,"height":1691,"caption":"Maison M\u00e9diterran\u00e9enne Des Sciences de l'Homme Phonoth\u00e8que, Paul Bonnenfant. Fonds Bonnenfant-Outrebon - Sultanat d'Oman - Boutre en r\u00e9paration dans la crique du port de \u1e62\u016br \u00e0 mar\u00e9e basse. Photography. Aix Marseille Univ, CNRS, MMSH, Aix-en-Provence, France - Secteur Archives de la recherche de la M\u00e9diath\u00e8que SHS de la Maison m\u00e9diterran\u00e9enne des sciences de l'homme, \u1e62\u016br, Oman. 1977. \u27e8https:\/\/hal.science\/hal-03825844\/\u27e9"},{"@type":"BreadcrumbList","@id":"https:\/\/pba.mmsh.fr\/?p=775#breadcrumb","itemListElement":[{"@type":"ListItem","position":1,"name":"Accueil","item":"https:\/\/pba.mmsh.fr\/"},{"@type":"ListItem","position":2,"name":"La m\u00e9diath\u00e8que recrute un\u00b7e apprenti\u00b7e archiviste"}]},{"@type":"WebSite","@id":"https:\/\/pba.mmsh.fr\/#website","url":"https:\/\/pba.mmsh.fr\/","name":"P\u00f4le Biblioth\u00e8ques et Archives de la MMSH","description":"Biblioth\u00e8ques et Archives \u00e0 la Maison m\u00e9diterran\u00e9enne des sciences de l\u2019homme","publisher":{"@id":"https:\/\/pba.mmsh.fr\/#organization"},"potentialAction":[{"@type":"SearchAction","target":{"@type":"EntryPoint","urlTemplate":"https:\/\/pba.mmsh.fr\/?s={search_term_string}"},"query-input":{"@type":"PropertyValueSpecification","valueRequired":true,"valueName":"search_term_string"}}],"inLanguage":"fr-FR"},{"@type":"Organization","@id":"https:\/\/pba.mmsh.fr\/#organization","name":"P\u00f4le Biblioth\u00e8ques et Archives de la MMSH","url":"https:\/\/pba.mmsh.fr\/","logo":{"@type":"ImageObject","inLanguage":"fr-FR","@id":"https:\/\/pba.mmsh.fr\/#\/schema\/logo\/image\/","url":"https:\/\/pba.mmsh.fr\/wp-content\/uploads\/2026\/01\/cropped-cropped-LOGO-UAR-MMSHS-coul.png","contentUrl":"https:\/\/pba.mmsh.fr\/wp-content\/uploads\/2026\/01\/cropped-cropped-LOGO-UAR-MMSHS-coul.png","width":1161,"height":303,"caption":"P\u00f4le Biblioth\u00e8ques et Archives de la MMSH"},"image":{"@id":"https:\/\/pba.mmsh.fr\/#\/schema\/logo\/image\/"}},{"@type":"Person","@id":"https:\/\/pba.mmsh.fr\/#\/schema\/person\/9e4006ea0cc9fe2033968a81fa833221","name":"Emilie Groshens","image":{"@type":"ImageObject","inLanguage":"fr-FR","@id":"https:\/\/secure.gravatar.com\/avatar\/23e99ead3846ab2e4804ee2da3d6d8fd2353e40c87cf8171d452394634e49b13?s=96&d=mm&r=g","url":"https:\/\/secure.gravatar.com\/avatar\/23e99ead3846ab2e4804ee2da3d6d8fd2353e40c87cf8171d452394634e49b13?s=96&d=mm&r=g","contentUrl":"https:\/\/secure.gravatar.com\/avatar\/23e99ead3846ab2e4804ee2da3d6d8fd2353e40c87cf8171d452394634e49b13?s=96&d=mm&r=g","caption":"Emilie Groshens"},"url":"https:\/\/pba.mmsh.fr\/?author=4"}]}},"_links":{"self":[{"href":"https:\/\/pba.mmsh.fr\/index.php?rest_route=\/wp\/v2\/posts\/775","targetHints":{"allow":["GET"]}}],"collection":[{"href":"https:\/\/pba.mmsh.fr\/index.php?rest_route=\/wp\/v2\/posts"}],"about":[{"href":"https:\/\/pba.mmsh.fr\/index.php?rest_route=\/wp\/v2\/types\/post"}],"author":[{"embeddable":true,"href":"https:\/\/pba.mmsh.fr\/index.php?rest_route=\/wp\/v2\/users\/4"}],"replies":[{"embeddable":true,"href":"https:\/\/pba.mmsh.fr\/index.php?rest_route=%2Fwp%2Fv2%2Fcomments&post=775"}],"version-history":[{"count":5,"href":"https:\/\/pba.mmsh.fr\/index.php?rest_route=\/wp\/v2\/posts\/775\/revisions"}],"predecessor-version":[{"id":783,"href":"https:\/\/pba.mmsh.fr\/index.php?rest_route=\/wp\/v2\/posts\/775\/revisions\/783"}],"wp:featuredmedia":[{"embeddable":true,"href":"https:\/\/pba.mmsh.fr\/index.php?rest_route=\/wp\/v2\/media\/777"}],"wp:attachment":[{"href":"https:\/\/pba.mmsh.fr\/index.php?rest_route=%2Fwp%2Fv2%2Fmedia&parent=775"}],"wp:term":[{"taxonomy":"category","embeddable":true,"href":"https:\/\/pba.mmsh.fr\/index.php?rest_route=%2Fwp%2Fv2%2Fcategories&post=775"},{"taxonomy":"post_tag","embeddable":true,"href":"https:\/\/pba.mmsh.fr\/index.php?rest_route=%2Fwp%2Fv2%2Ftags&post=775"}],"curies":[{"name":"wp","href":"https:\/\/api.w.org\/{rel}","templated":true}]}}