{"id":789,"date":"2023-05-31T11:46:01","date_gmt":"2023-05-31T09:46:01","guid":{"rendered":"https:\/\/pba.mmsh.fr\/?p=789"},"modified":"2023-06-01T11:44:21","modified_gmt":"2023-06-01T09:44:21","slug":"visite-de-collegiens-pour-les-ateliers-cinesciences-cordees-de-la-reussite","status":"publish","type":"post","link":"https:\/\/pba.mmsh.fr\/?p=789","title":{"rendered":"Visite de coll\u00e9giens pour les  Ateliers Cin\u00e9sciences &#8211; Cord\u00e9es de la r\u00e9ussite"},"content":{"rendered":"<div class='__iawmlf-post-loop-links' style='display:none;' data-iawmlf-post-links='[{&quot;id&quot;:374,&quot;href&quot;:&quot;http:\\\/\\\/cordeesdelareussite.fr&quot;,&quot;archived_href&quot;:&quot;&quot;,&quot;redirect_href&quot;:&quot;&quot;,&quot;checks&quot;:[],&quot;broken&quot;:false,&quot;last_checked&quot;:null,&quot;process&quot;:&quot;done&quot;},{&quot;id&quot;:375,&quot;href&quot;:&quot;https:\\\/\\\/pollymaggoo.org&quot;,&quot;archived_href&quot;:&quot;&quot;,&quot;redirect_href&quot;:&quot;&quot;,&quot;checks&quot;:[],&quot;broken&quot;:false,&quot;last_checked&quot;:null,&quot;process&quot;:&quot;done&quot;}]'><\/div>\n<p>Dans le cadre des \u201c<a href=\"http:\/\/cordeesdelareussite.fr\">Ateliers Cin\u00e9science &#8211; Cord\u00e9es de la r\u00e9ussite<\/a>\u201d,  organis\u00e9es par l\u2019Iremam pour la 3e ann\u00e9e cons\u00e9cutive<a href=\"#note1\"><sup>1<\/sup><\/a>, le P\u00f4le biblioth\u00e8ques et archives (PBA) de la MMSH a re\u00e7u tout au long de l\u2019ann\u00e9e des classes de coll\u00e8ges et de lyc\u00e9es de la M\u00e9tropole Aix-Marseille-Provence pour les sensibiliser au monde de la recherche, \u00e0 travers les activit\u00e9s d\u2019une plateforme documentaire sp\u00e9cialis\u00e9e sur les \u00e9tudes m\u00e9diterran\u00e9ennes. L\u2019occasion pour ces jeunes de mieux comprendre les m\u00e9tiers de biblioth\u00e9caire et d\u2019archiviste et de p\u00e9n\u00e9trer dans les coulisses des sciences humaines et sociales par le biais des sources documentaires consult\u00e9es et des mat\u00e9riaux produits par les anthropologues, les historien\u00b7nes, les linguistes, etc.<\/p>\n\n\n\n<p>La derni\u00e8re visite pour cette ann\u00e9e s\u2019est d\u00e9roul\u00e9e le 22 mai avec les \u00e9l\u00e8ves de 3<sup>\u00e8me<\/sup> du coll\u00e8ge Henri Fabre de Vitrolles. Encadr\u00e9 par Juliette Honvault, historienne du monde arabe contemporain \u00e0 l\u2019Iremam, Serge Dentin, directeur de l\u2019association <a href=\"https:\/\/pollymaggoo.org\/\">Polly Maggoo<\/a> et par deux enseignants du coll\u00e8ge, le groupe a \u00e9t\u00e9 re\u00e7u par Amina Bouguetta et Annick Richard pour le secteur biblioth\u00e8que et acquisition et Emilie Groshens pour le secteur Archives de la recherche. Les \u00e9l\u00e8ves ont ainsi pu d\u00e9couvrir une biblioth\u00e8que riche d\u2019une collection unique sur les mondes arabes et musulmans, ouverte \u00e0 toutes et tous.<\/p>\n\n\n\n<figure class=\"wp-block-image size-full\"><img loading=\"lazy\" decoding=\"async\" width=\"600\" height=\"450\" src=\"https:\/\/pba.mmsh.fr\/wp-content\/uploads\/2023\/05\/20230522_102826.jpg\" alt=\"\" class=\"wp-image-841\" srcset=\"https:\/\/pba.mmsh.fr\/wp-content\/uploads\/2023\/05\/20230522_102826.jpg 600w, https:\/\/pba.mmsh.fr\/wp-content\/uploads\/2023\/05\/20230522_102826-300x225.jpg 300w\" sizes=\"auto, (max-width: 600px) 100vw, 600px\" \/><figcaption class=\"wp-element-caption\"><strong><em>Visite de la m\u00e9diath\u00e8que &#8211; \u00c9l\u00e8ves de 3e du coll\u00e8ge Henri Fabre de Vitrolles, le 22 mai 2023 : Exposition <em><strong>\u00ab\u00a0NUANCES AFFECTIVES, l&rsquo;art d&rsquo;\u00eatre femmes en terres Haya\u00a0\u00bb<\/strong><\/em><\/em><\/strong> <strong><em>de In\u00e8s Pasqueron de Fommervault et R\u00e9mi Leroy<\/em><\/strong> <\/figcaption><\/figure>\n\n\n\n<p>Une pr\u00e9sentation ax\u00e9e sur la sp\u00e9cificit\u00e9 des fonds de la M\u00e9diath\u00e8que et du r\u00f4le d\u2019une biblioth\u00e8que de recherche a permis aux coll\u00e9giens de d\u00e9couvrir les diff\u00e9rents supports mis \u00e0 disposition des lecteurs, les nombreuses collections en langue arabe, les revues sp\u00e9cialis\u00e9es dans diff\u00e9rentes langues, ainsi que le fonctionnement g\u00e9n\u00e9ral de la m\u00e9diath\u00e8que et des outils de travail de l\u2019\u00e9quipe.&nbsp;&nbsp;Le groupe a pu profiter d\u2019explications sur les principes d\u2019un plan de classement et les logiques de la cotation des monographies, les modalit\u00e9s et objectifs du catalogage, ainsi que la politique d&rsquo;acquisition et ses dispositifs en France et \u00e0 l\u2019\u00e9tranger.&nbsp;Afin d&rsquo;illustrer ces \u00e9l\u00e9ments, l\u2019\u00e9quipe accueillante a pr\u00e9par\u00e9 une s\u00e9rie de documents repr\u00e9sentatifs des diff\u00e9rentes disciplines et aires g\u00e9ographiques, dont certains issus des derniers rayons d\u00e9velopp\u00e9s, en l&rsquo;occurrence : la litt\u00e9rature bilingue (arabe\/fran\u00e7ais) et le rayon des BD sur le monde arabe, que les coll\u00e9giens ont pu consulter.&nbsp;<\/p>\n\n\n\n<figure class=\"wp-block-image size-full\"><img loading=\"lazy\" decoding=\"async\" width=\"600\" height=\"450\" src=\"https:\/\/pba.mmsh.fr\/wp-content\/uploads\/2023\/05\/20230522_103159-2-1.jpg\" alt=\"\" class=\"wp-image-842\" srcset=\"https:\/\/pba.mmsh.fr\/wp-content\/uploads\/2023\/05\/20230522_103159-2-1.jpg 600w, https:\/\/pba.mmsh.fr\/wp-content\/uploads\/2023\/05\/20230522_103159-2-1-300x225.jpg 300w\" sizes=\"auto, (max-width: 600px) 100vw, 600px\" \/><figcaption class=\"wp-element-caption\"><strong><em>Visite de la m\u00e9diath\u00e8que &#8211; \u00c9l\u00e8ves de 3e du coll\u00e8ge Henri Fabre de Vitrolles, le 22 mai 2023 : Espace Michel Seurat<\/em><\/strong><\/figcaption><\/figure>\n\n\n\n<p>C\u00f4t\u00e9 archives, les coll\u00e9giens ont pu appr\u00e9hender les diff\u00e9rents types de documents constitu\u00e9s ou collect\u00e9s par les chercheur.e.s sur le terrain (carnets de notes, photographies, enregistrements, bases de donn\u00e9es artisanales), ainsi que la vari\u00e9t\u00e9 des supports, formats et de leurs lecteurs appropri\u00e9s au gr\u00e9 de leur \u00e9volution dans le temps (plaques de verre st\u00e9r\u00e9oscopiques, diapositives, fiches \u00e9rudites papiers, films sur bobines, cassettes, etc.). Ils ont ainsi pu mieux comprendre les enjeux de l\u2019archivage de ce patrimoine scientifique et les conditions de conservation et de mise \u00e0 disposition de ces donn\u00e9es, \u00e0 destination des chercheur.e.s mais aussi de l\u2019ensemble de la soci\u00e9t\u00e9.<\/p>\n\n\n\n<figure class=\"wp-block-image size-full\"><img loading=\"lazy\" decoding=\"async\" width=\"944\" height=\"748\" src=\"https:\/\/pba.mmsh.fr\/wp-content\/uploads\/2023\/05\/20230522_102610_3.jpg\" alt=\"\" class=\"wp-image-849\" srcset=\"https:\/\/pba.mmsh.fr\/wp-content\/uploads\/2023\/05\/20230522_102610_3.jpg 944w, https:\/\/pba.mmsh.fr\/wp-content\/uploads\/2023\/05\/20230522_102610_3-300x238.jpg 300w, https:\/\/pba.mmsh.fr\/wp-content\/uploads\/2023\/05\/20230522_102610_3-768x609.jpg 768w\" sizes=\"auto, (max-width: 944px) 100vw, 944px\" \/><figcaption class=\"wp-element-caption\"><strong><em>Visite de la m\u00e9diath\u00e8que &#8211; \u00c9l\u00e8ves de 3e du coll\u00e8ge Henri Fabre de Vitrolles, le 22 mai 2023 : Magasins et compactus<\/em><\/strong><\/figcaption><\/figure>\n\n\n\n<p>En parall\u00e8le de la visite des diff\u00e9rents espaces ouverts aux visiteurs (salles de lecture et de travail, coin BD, station de consultation de l\u2019Inath\u00e8que, borne de num\u00e9risation, espace de visioconf\u00e9rence et d&rsquo;exposition\u2026) ou ferm\u00e9s (magasins de p\u00e9riodiques, compactus d\u2019ouvrages et d\u2019archives), l\u2019\u00e9change a \u00e9galement port\u00e9 sur les missions et profils de chacune des professionnelles de l\u2019\u00e9quipe accueillante, mettant en avant la diversit\u00e9 et l\u2019originalit\u00e9 de leurs parcours afin d\u2019ouvrir une discussion sur l\u2019\u00e9ventail des choix d\u2019orientation et les possibilit\u00e9s de reconversion professionnelle au fil d\u2019une carri\u00e8re.<\/p>\n\n\n\n<figure class=\"wp-block-image size-full\"><img loading=\"lazy\" decoding=\"async\" width=\"576\" height=\"323\" src=\"https:\/\/pba.mmsh.fr\/wp-content\/uploads\/2023\/05\/20230522_1028392-1.jpg\" alt=\"\" class=\"wp-image-845\" srcset=\"https:\/\/pba.mmsh.fr\/wp-content\/uploads\/2023\/05\/20230522_1028392-1.jpg 576w, https:\/\/pba.mmsh.fr\/wp-content\/uploads\/2023\/05\/20230522_1028392-1-300x168.jpg 300w\" sizes=\"auto, (max-width: 576px) 100vw, 576px\" \/><figcaption class=\"wp-element-caption\"><strong><em>Visite de la m\u00e9diath\u00e8que &#8211; \u00c9l\u00e8ves de 3e du coll\u00e8ge Henri Fabre de Vitrolles, le 22 mai 2023 : Exposition <em><strong>\u00ab\u00a0NUANCES AFFECTIVES, l&rsquo;art d&rsquo;\u00eatre femmes en terres Haya\u00a0\u00bb<\/strong><\/em> de In\u00e8s Pasqueron de Fommervault et R\u00e9mi Leroy<\/em><\/strong><\/figcaption><\/figure>\n\n\n<p>Cr\u00e9dits photographiques : Emilie Groshens, 2023, CC0<\/p>\n<p><a name=\"note1\"><\/a>1 Le dispositif de \u201cCord\u00e9e de la r\u00e9ussite\u201d soutenu par AMU, le MENESR et la r\u00e9gion, vise \u00e0 pr\u00e9parer des \u00e9l\u00e8ves issus de zones d&rsquo;\u00e9ducation prioritaires dans leurs choix d\u2019orientation post-bac en les familiarisant avec les lieux et les personnels de l\u2019enseignement sup\u00e9rieur et de la recherche<\/p>","protected":false},"excerpt":{"rendered":"<p>Dans le cadre des \u201cAteliers Cin\u00e9science &#8211; Cord\u00e9es de la r\u00e9ussite\u201d, organis\u00e9es par l\u2019Iremam pour la 3e ann\u00e9e cons\u00e9cutive1, le P\u00f4le biblioth\u00e8ques et archives (PBA) de la MMSH a re\u00e7u tout au long de l\u2019ann\u00e9e des classes de coll\u00e8ges et de lyc\u00e9es de la M\u00e9tropole Aix-Marseille-Provence pour les sensibiliser au monde de la recherche, \u00e0&hellip; <a class=\"more-link\" href=\"https:\/\/pba.mmsh.fr\/?p=789\">Poursuivre la lecture <span class=\"screen-reader-text\">Visite de coll\u00e9giens pour les  Ateliers Cin\u00e9sciences &#8211; Cord\u00e9es de la r\u00e9ussite<\/span><\/a><\/p>\n","protected":false},"author":8,"featured_media":847,"comment_status":"open","ping_status":"open","sticky":false,"template":"","format":"standard","meta":{"footnotes":""},"categories":[28],"tags":[65,24,64],"class_list":["post-789","post","type-post","status-publish","format-standard","has-post-thumbnail","hentry","category-evenement","tag-archives","tag-bibliotheque","tag-portes-ouvertes","entry"],"yoast_head":"<!-- This site is optimized with the Yoast SEO plugin v27.4 - https:\/\/yoast.com\/product\/yoast-seo-wordpress\/ -->\n<title>Visite de coll\u00e9giens pour les Ateliers Cin\u00e9sciences - Cord\u00e9es de la r\u00e9ussite - P\u00f4le Biblioth\u00e8ques et Archives de la MMSH<\/title>\n<meta name=\"description\" content=\"Visite de coll\u00e9giens pour les Ateliers Cin\u00e9sciences - Cord\u00e9es de la r\u00e9ussite La m\u00e9diath\u00e8que de la MMSH a accueilli des classes de coll\u00e8ges et de lyc\u00e9es de la m\u00e9tropole Aix-Marseille pour les sensibiliser au monde de la recherche \u00e0 travers les m\u00e9tiers de biblioth\u00e9caire et archiviste sp\u00e9cialis\u00e9s sur les \u00e9tudes m\u00e9diterran\u00e9ennes\" \/>\n<meta name=\"robots\" content=\"index, follow, max-snippet:-1, max-image-preview:large, max-video-preview:-1\" \/>\n<link rel=\"canonical\" href=\"https:\/\/pba.mmsh.fr\/?p=789\" \/>\n<meta property=\"og:locale\" content=\"fr_FR\" \/>\n<meta property=\"og:type\" content=\"article\" \/>\n<meta property=\"og:title\" content=\"Visite de coll\u00e9giens pour les Ateliers Cin\u00e9sciences - Cord\u00e9es de la r\u00e9ussite - P\u00f4le Biblioth\u00e8ques et Archives de la MMSH\" \/>\n<meta property=\"og:description\" content=\"Visite de coll\u00e9giens pour les Ateliers Cin\u00e9sciences - Cord\u00e9es de la r\u00e9ussite La m\u00e9diath\u00e8que de la MMSH a accueilli des classes de coll\u00e8ges et de lyc\u00e9es de la m\u00e9tropole Aix-Marseille pour les sensibiliser au monde de la recherche \u00e0 travers les m\u00e9tiers de biblioth\u00e9caire et archiviste sp\u00e9cialis\u00e9s sur les \u00e9tudes m\u00e9diterran\u00e9ennes\" \/>\n<meta property=\"og:url\" content=\"https:\/\/pba.mmsh.fr\/?p=789\" \/>\n<meta property=\"og:site_name\" content=\"P\u00f4le Biblioth\u00e8ques et Archives de la MMSH\" \/>\n<meta property=\"article:published_time\" content=\"2023-05-31T09:46:01+00:00\" \/>\n<meta property=\"article:modified_time\" content=\"2023-06-01T09:44:21+00:00\" \/>\n<meta property=\"og:image\" content=\"https:\/\/pba.mmsh.fr\/wp-content\/uploads\/2023\/05\/20230522_1102282-1.jpg\" \/>\n\t<meta property=\"og:image:width\" content=\"600\" \/>\n\t<meta property=\"og:image:height\" content=\"450\" \/>\n\t<meta property=\"og:image:type\" content=\"image\/jpeg\" \/>\n<meta name=\"author\" content=\"PBA\" \/>\n<meta name=\"twitter:card\" content=\"summary_large_image\" \/>\n<meta name=\"twitter:label1\" content=\"\u00c9crit par\" \/>\n\t<meta name=\"twitter:data1\" content=\"PBA\" \/>\n\t<meta name=\"twitter:label2\" content=\"Dur\u00e9e de lecture estim\u00e9e\" \/>\n\t<meta name=\"twitter:data2\" content=\"5 minutes\" \/>\n<script type=\"application\/ld+json\" class=\"yoast-schema-graph\">{\"@context\":\"https:\\\/\\\/schema.org\",\"@graph\":[{\"@type\":\"Article\",\"@id\":\"https:\\\/\\\/pba.mmsh.fr\\\/?p=789#article\",\"isPartOf\":{\"@id\":\"https:\\\/\\\/pba.mmsh.fr\\\/?p=789\"},\"author\":{\"name\":\"PBA\",\"@id\":\"https:\\\/\\\/pba.mmsh.fr\\\/#\\\/schema\\\/person\\\/3d9360bfca1e55d492a60db4c2243434\"},\"headline\":\"Visite de coll\u00e9giens pour les Ateliers Cin\u00e9sciences &#8211; Cord\u00e9es de la r\u00e9ussite\",\"datePublished\":\"2023-05-31T09:46:01+00:00\",\"dateModified\":\"2023-06-01T09:44:21+00:00\",\"mainEntityOfPage\":{\"@id\":\"https:\\\/\\\/pba.mmsh.fr\\\/?p=789\"},\"wordCount\":862,\"commentCount\":0,\"publisher\":{\"@id\":\"https:\\\/\\\/pba.mmsh.fr\\\/#organization\"},\"image\":{\"@id\":\"https:\\\/\\\/pba.mmsh.fr\\\/?p=789#primaryimage\"},\"thumbnailUrl\":\"https:\\\/\\\/pba.mmsh.fr\\\/wp-content\\\/uploads\\\/2023\\\/05\\\/20230522_1102282-1.jpg\",\"keywords\":[\"archives\",\"biblioth\u00e8que\",\"portes ouvertes\"],\"articleSection\":[\"\u00e9v\u00e9nement\"],\"inLanguage\":\"fr-FR\",\"potentialAction\":[{\"@type\":\"CommentAction\",\"name\":\"Comment\",\"target\":[\"https:\\\/\\\/pba.mmsh.fr\\\/?p=789#respond\"]}]},{\"@type\":\"WebPage\",\"@id\":\"https:\\\/\\\/pba.mmsh.fr\\\/?p=789\",\"url\":\"https:\\\/\\\/pba.mmsh.fr\\\/?p=789\",\"name\":\"Visite de coll\u00e9giens pour les Ateliers Cin\u00e9sciences - Cord\u00e9es de la r\u00e9ussite - P\u00f4le Biblioth\u00e8ques et Archives de la MMSH\",\"isPartOf\":{\"@id\":\"https:\\\/\\\/pba.mmsh.fr\\\/#website\"},\"primaryImageOfPage\":{\"@id\":\"https:\\\/\\\/pba.mmsh.fr\\\/?p=789#primaryimage\"},\"image\":{\"@id\":\"https:\\\/\\\/pba.mmsh.fr\\\/?p=789#primaryimage\"},\"thumbnailUrl\":\"https:\\\/\\\/pba.mmsh.fr\\\/wp-content\\\/uploads\\\/2023\\\/05\\\/20230522_1102282-1.jpg\",\"datePublished\":\"2023-05-31T09:46:01+00:00\",\"dateModified\":\"2023-06-01T09:44:21+00:00\",\"description\":\"Visite de coll\u00e9giens pour les Ateliers Cin\u00e9sciences - Cord\u00e9es de la r\u00e9ussite La m\u00e9diath\u00e8que de la MMSH a accueilli des classes de coll\u00e8ges et de lyc\u00e9es de la m\u00e9tropole Aix-Marseille pour les sensibiliser au monde de la recherche \u00e0 travers les m\u00e9tiers de biblioth\u00e9caire et archiviste sp\u00e9cialis\u00e9s sur les \u00e9tudes m\u00e9diterran\u00e9ennes\",\"breadcrumb\":{\"@id\":\"https:\\\/\\\/pba.mmsh.fr\\\/?p=789#breadcrumb\"},\"inLanguage\":\"fr-FR\",\"potentialAction\":[{\"@type\":\"ReadAction\",\"target\":[\"https:\\\/\\\/pba.mmsh.fr\\\/?p=789\"]}]},{\"@type\":\"ImageObject\",\"inLanguage\":\"fr-FR\",\"@id\":\"https:\\\/\\\/pba.mmsh.fr\\\/?p=789#primaryimage\",\"url\":\"https:\\\/\\\/pba.mmsh.fr\\\/wp-content\\\/uploads\\\/2023\\\/05\\\/20230522_1102282-1.jpg\",\"contentUrl\":\"https:\\\/\\\/pba.mmsh.fr\\\/wp-content\\\/uploads\\\/2023\\\/05\\\/20230522_1102282-1.jpg\",\"width\":600,\"height\":450,\"caption\":\"Visite de la m\u00e9diath\u00e8que \u2013 \u00c9l\u00e8ves de 3e du coll\u00e8ge Henri Fabre de Vitrolles, le 22 mai 2023\"},{\"@type\":\"BreadcrumbList\",\"@id\":\"https:\\\/\\\/pba.mmsh.fr\\\/?p=789#breadcrumb\",\"itemListElement\":[{\"@type\":\"ListItem\",\"position\":1,\"name\":\"Accueil\",\"item\":\"https:\\\/\\\/pba.mmsh.fr\\\/\"},{\"@type\":\"ListItem\",\"position\":2,\"name\":\"Visite de coll\u00e9giens pour les Ateliers Cin\u00e9sciences &#8211; Cord\u00e9es de la r\u00e9ussite\"}]},{\"@type\":\"WebSite\",\"@id\":\"https:\\\/\\\/pba.mmsh.fr\\\/#website\",\"url\":\"https:\\\/\\\/pba.mmsh.fr\\\/\",\"name\":\"P\u00f4le Biblioth\u00e8ques et Archives de la MMSH\",\"description\":\"Biblioth\u00e8ques et Archives \u00e0 la Maison m\u00e9diterran\u00e9enne des sciences de l\u2019homme\",\"publisher\":{\"@id\":\"https:\\\/\\\/pba.mmsh.fr\\\/#organization\"},\"potentialAction\":[{\"@type\":\"SearchAction\",\"target\":{\"@type\":\"EntryPoint\",\"urlTemplate\":\"https:\\\/\\\/pba.mmsh.fr\\\/?s={search_term_string}\"},\"query-input\":{\"@type\":\"PropertyValueSpecification\",\"valueRequired\":true,\"valueName\":\"search_term_string\"}}],\"inLanguage\":\"fr-FR\"},{\"@type\":\"Organization\",\"@id\":\"https:\\\/\\\/pba.mmsh.fr\\\/#organization\",\"name\":\"P\u00f4le Biblioth\u00e8ques et Archives de la MMSH\",\"url\":\"https:\\\/\\\/pba.mmsh.fr\\\/\",\"logo\":{\"@type\":\"ImageObject\",\"inLanguage\":\"fr-FR\",\"@id\":\"https:\\\/\\\/pba.mmsh.fr\\\/#\\\/schema\\\/logo\\\/image\\\/\",\"url\":\"https:\\\/\\\/pba.mmsh.fr\\\/wp-content\\\/uploads\\\/2026\\\/01\\\/cropped-cropped-LOGO-UAR-MMSHS-coul.png\",\"contentUrl\":\"https:\\\/\\\/pba.mmsh.fr\\\/wp-content\\\/uploads\\\/2026\\\/01\\\/cropped-cropped-LOGO-UAR-MMSHS-coul.png\",\"width\":1161,\"height\":303,\"caption\":\"P\u00f4le Biblioth\u00e8ques et Archives de la MMSH\"},\"image\":{\"@id\":\"https:\\\/\\\/pba.mmsh.fr\\\/#\\\/schema\\\/logo\\\/image\\\/\"}},{\"@type\":\"Person\",\"@id\":\"https:\\\/\\\/pba.mmsh.fr\\\/#\\\/schema\\\/person\\\/3d9360bfca1e55d492a60db4c2243434\",\"name\":\"PBA\",\"image\":{\"@type\":\"ImageObject\",\"inLanguage\":\"fr-FR\",\"@id\":\"https:\\\/\\\/secure.gravatar.com\\\/avatar\\\/ed598663e5724b22628bfb625b94f461150f3876e2428b46c711076584c3fad5?s=96&d=mm&r=g\",\"url\":\"https:\\\/\\\/secure.gravatar.com\\\/avatar\\\/ed598663e5724b22628bfb625b94f461150f3876e2428b46c711076584c3fad5?s=96&d=mm&r=g\",\"contentUrl\":\"https:\\\/\\\/secure.gravatar.com\\\/avatar\\\/ed598663e5724b22628bfb625b94f461150f3876e2428b46c711076584c3fad5?s=96&d=mm&r=g\",\"caption\":\"PBA\"},\"url\":\"https:\\\/\\\/pba.mmsh.fr\\\/?author=8\"}]}<\/script>\n<!-- \/ Yoast SEO plugin. -->","yoast_head_json":{"title":"Visite de coll\u00e9giens pour les Ateliers Cin\u00e9sciences - Cord\u00e9es de la r\u00e9ussite - P\u00f4le Biblioth\u00e8ques et Archives de la MMSH","description":"Visite de coll\u00e9giens pour les Ateliers Cin\u00e9sciences - Cord\u00e9es de la r\u00e9ussite La m\u00e9diath\u00e8que de la MMSH a accueilli des classes de coll\u00e8ges et de lyc\u00e9es de la m\u00e9tropole Aix-Marseille pour les sensibiliser au monde de la recherche \u00e0 travers les m\u00e9tiers de biblioth\u00e9caire et archiviste sp\u00e9cialis\u00e9s sur les \u00e9tudes m\u00e9diterran\u00e9ennes","robots":{"index":"index","follow":"follow","max-snippet":"max-snippet:-1","max-image-preview":"max-image-preview:large","max-video-preview":"max-video-preview:-1"},"canonical":"https:\/\/pba.mmsh.fr\/?p=789","og_locale":"fr_FR","og_type":"article","og_title":"Visite de coll\u00e9giens pour les Ateliers Cin\u00e9sciences - Cord\u00e9es de la r\u00e9ussite - P\u00f4le Biblioth\u00e8ques et Archives de la MMSH","og_description":"Visite de coll\u00e9giens pour les Ateliers Cin\u00e9sciences - Cord\u00e9es de la r\u00e9ussite La m\u00e9diath\u00e8que de la MMSH a accueilli des classes de coll\u00e8ges et de lyc\u00e9es de la m\u00e9tropole Aix-Marseille pour les sensibiliser au monde de la recherche \u00e0 travers les m\u00e9tiers de biblioth\u00e9caire et archiviste sp\u00e9cialis\u00e9s sur les \u00e9tudes m\u00e9diterran\u00e9ennes","og_url":"https:\/\/pba.mmsh.fr\/?p=789","og_site_name":"P\u00f4le Biblioth\u00e8ques et Archives de la MMSH","article_published_time":"2023-05-31T09:46:01+00:00","article_modified_time":"2023-06-01T09:44:21+00:00","og_image":[{"width":600,"height":450,"url":"https:\/\/pba.mmsh.fr\/wp-content\/uploads\/2023\/05\/20230522_1102282-1.jpg","type":"image\/jpeg"}],"author":"PBA","twitter_card":"summary_large_image","twitter_misc":{"\u00c9crit par":"PBA","Dur\u00e9e de lecture estim\u00e9e":"5 minutes"},"schema":{"@context":"https:\/\/schema.org","@graph":[{"@type":"Article","@id":"https:\/\/pba.mmsh.fr\/?p=789#article","isPartOf":{"@id":"https:\/\/pba.mmsh.fr\/?p=789"},"author":{"name":"PBA","@id":"https:\/\/pba.mmsh.fr\/#\/schema\/person\/3d9360bfca1e55d492a60db4c2243434"},"headline":"Visite de coll\u00e9giens pour les Ateliers Cin\u00e9sciences &#8211; Cord\u00e9es de la r\u00e9ussite","datePublished":"2023-05-31T09:46:01+00:00","dateModified":"2023-06-01T09:44:21+00:00","mainEntityOfPage":{"@id":"https:\/\/pba.mmsh.fr\/?p=789"},"wordCount":862,"commentCount":0,"publisher":{"@id":"https:\/\/pba.mmsh.fr\/#organization"},"image":{"@id":"https:\/\/pba.mmsh.fr\/?p=789#primaryimage"},"thumbnailUrl":"https:\/\/pba.mmsh.fr\/wp-content\/uploads\/2023\/05\/20230522_1102282-1.jpg","keywords":["archives","biblioth\u00e8que","portes ouvertes"],"articleSection":["\u00e9v\u00e9nement"],"inLanguage":"fr-FR","potentialAction":[{"@type":"CommentAction","name":"Comment","target":["https:\/\/pba.mmsh.fr\/?p=789#respond"]}]},{"@type":"WebPage","@id":"https:\/\/pba.mmsh.fr\/?p=789","url":"https:\/\/pba.mmsh.fr\/?p=789","name":"Visite de coll\u00e9giens pour les Ateliers Cin\u00e9sciences - Cord\u00e9es de la r\u00e9ussite - P\u00f4le Biblioth\u00e8ques et Archives de la MMSH","isPartOf":{"@id":"https:\/\/pba.mmsh.fr\/#website"},"primaryImageOfPage":{"@id":"https:\/\/pba.mmsh.fr\/?p=789#primaryimage"},"image":{"@id":"https:\/\/pba.mmsh.fr\/?p=789#primaryimage"},"thumbnailUrl":"https:\/\/pba.mmsh.fr\/wp-content\/uploads\/2023\/05\/20230522_1102282-1.jpg","datePublished":"2023-05-31T09:46:01+00:00","dateModified":"2023-06-01T09:44:21+00:00","description":"Visite de coll\u00e9giens pour les Ateliers Cin\u00e9sciences - Cord\u00e9es de la r\u00e9ussite La m\u00e9diath\u00e8que de la MMSH a accueilli des classes de coll\u00e8ges et de lyc\u00e9es de la m\u00e9tropole Aix-Marseille pour les sensibiliser au monde de la recherche \u00e0 travers les m\u00e9tiers de biblioth\u00e9caire et archiviste sp\u00e9cialis\u00e9s sur les \u00e9tudes m\u00e9diterran\u00e9ennes","breadcrumb":{"@id":"https:\/\/pba.mmsh.fr\/?p=789#breadcrumb"},"inLanguage":"fr-FR","potentialAction":[{"@type":"ReadAction","target":["https:\/\/pba.mmsh.fr\/?p=789"]}]},{"@type":"ImageObject","inLanguage":"fr-FR","@id":"https:\/\/pba.mmsh.fr\/?p=789#primaryimage","url":"https:\/\/pba.mmsh.fr\/wp-content\/uploads\/2023\/05\/20230522_1102282-1.jpg","contentUrl":"https:\/\/pba.mmsh.fr\/wp-content\/uploads\/2023\/05\/20230522_1102282-1.jpg","width":600,"height":450,"caption":"Visite de la m\u00e9diath\u00e8que \u2013 \u00c9l\u00e8ves de 3e du coll\u00e8ge Henri Fabre de Vitrolles, le 22 mai 2023"},{"@type":"BreadcrumbList","@id":"https:\/\/pba.mmsh.fr\/?p=789#breadcrumb","itemListElement":[{"@type":"ListItem","position":1,"name":"Accueil","item":"https:\/\/pba.mmsh.fr\/"},{"@type":"ListItem","position":2,"name":"Visite de coll\u00e9giens pour les Ateliers Cin\u00e9sciences &#8211; Cord\u00e9es de la r\u00e9ussite"}]},{"@type":"WebSite","@id":"https:\/\/pba.mmsh.fr\/#website","url":"https:\/\/pba.mmsh.fr\/","name":"P\u00f4le Biblioth\u00e8ques et Archives de la MMSH","description":"Biblioth\u00e8ques et Archives \u00e0 la Maison m\u00e9diterran\u00e9enne des sciences de l\u2019homme","publisher":{"@id":"https:\/\/pba.mmsh.fr\/#organization"},"potentialAction":[{"@type":"SearchAction","target":{"@type":"EntryPoint","urlTemplate":"https:\/\/pba.mmsh.fr\/?s={search_term_string}"},"query-input":{"@type":"PropertyValueSpecification","valueRequired":true,"valueName":"search_term_string"}}],"inLanguage":"fr-FR"},{"@type":"Organization","@id":"https:\/\/pba.mmsh.fr\/#organization","name":"P\u00f4le Biblioth\u00e8ques et Archives de la MMSH","url":"https:\/\/pba.mmsh.fr\/","logo":{"@type":"ImageObject","inLanguage":"fr-FR","@id":"https:\/\/pba.mmsh.fr\/#\/schema\/logo\/image\/","url":"https:\/\/pba.mmsh.fr\/wp-content\/uploads\/2026\/01\/cropped-cropped-LOGO-UAR-MMSHS-coul.png","contentUrl":"https:\/\/pba.mmsh.fr\/wp-content\/uploads\/2026\/01\/cropped-cropped-LOGO-UAR-MMSHS-coul.png","width":1161,"height":303,"caption":"P\u00f4le Biblioth\u00e8ques et Archives de la MMSH"},"image":{"@id":"https:\/\/pba.mmsh.fr\/#\/schema\/logo\/image\/"}},{"@type":"Person","@id":"https:\/\/pba.mmsh.fr\/#\/schema\/person\/3d9360bfca1e55d492a60db4c2243434","name":"PBA","image":{"@type":"ImageObject","inLanguage":"fr-FR","@id":"https:\/\/secure.gravatar.com\/avatar\/ed598663e5724b22628bfb625b94f461150f3876e2428b46c711076584c3fad5?s=96&d=mm&r=g","url":"https:\/\/secure.gravatar.com\/avatar\/ed598663e5724b22628bfb625b94f461150f3876e2428b46c711076584c3fad5?s=96&d=mm&r=g","contentUrl":"https:\/\/secure.gravatar.com\/avatar\/ed598663e5724b22628bfb625b94f461150f3876e2428b46c711076584c3fad5?s=96&d=mm&r=g","caption":"PBA"},"url":"https:\/\/pba.mmsh.fr\/?author=8"}]}},"_links":{"self":[{"href":"https:\/\/pba.mmsh.fr\/index.php?rest_route=\/wp\/v2\/posts\/789","targetHints":{"allow":["GET"]}}],"collection":[{"href":"https:\/\/pba.mmsh.fr\/index.php?rest_route=\/wp\/v2\/posts"}],"about":[{"href":"https:\/\/pba.mmsh.fr\/index.php?rest_route=\/wp\/v2\/types\/post"}],"author":[{"embeddable":true,"href":"https:\/\/pba.mmsh.fr\/index.php?rest_route=\/wp\/v2\/users\/8"}],"replies":[{"embeddable":true,"href":"https:\/\/pba.mmsh.fr\/index.php?rest_route=%2Fwp%2Fv2%2Fcomments&post=789"}],"version-history":[{"count":41,"href":"https:\/\/pba.mmsh.fr\/index.php?rest_route=\/wp\/v2\/posts\/789\/revisions"}],"predecessor-version":[{"id":872,"href":"https:\/\/pba.mmsh.fr\/index.php?rest_route=\/wp\/v2\/posts\/789\/revisions\/872"}],"wp:featuredmedia":[{"embeddable":true,"href":"https:\/\/pba.mmsh.fr\/index.php?rest_route=\/wp\/v2\/media\/847"}],"wp:attachment":[{"href":"https:\/\/pba.mmsh.fr\/index.php?rest_route=%2Fwp%2Fv2%2Fmedia&parent=789"}],"wp:term":[{"taxonomy":"category","embeddable":true,"href":"https:\/\/pba.mmsh.fr\/index.php?rest_route=%2Fwp%2Fv2%2Fcategories&post=789"},{"taxonomy":"post_tag","embeddable":true,"href":"https:\/\/pba.mmsh.fr\/index.php?rest_route=%2Fwp%2Fv2%2Ftags&post=789"}],"curies":[{"name":"wp","href":"https:\/\/api.w.org\/{rel}","templated":true}]}}