{"id":993,"date":"2023-12-17T06:00:33","date_gmt":"2023-12-17T05:00:33","guid":{"rendered":"https:\/\/pba.mmsh.fr\/?p=993"},"modified":"2024-04-17T10:46:08","modified_gmt":"2024-04-17T08:46:08","slug":"avent-2023-jour-17","status":"publish","type":"post","link":"https:\/\/pba.mmsh.fr\/?p=993","title":{"rendered":"AVENT 2023 &#8211; Jour 17"},"content":{"rendered":"<div class='__iawmlf-post-loop-links' style='display:none;' data-iawmlf-post-links='[{&quot;id&quot;:226,&quot;href&quot;:&quot;https:\\\/\\\/media.hal.science\\\/search\\\/index\\\/q\\\/*\\\/keyword_t\\\/Fonds%20Claudie%20Fayein%20(1912-2002)&quot;,&quot;archived_href&quot;:&quot;&quot;,&quot;redirect_href&quot;:&quot;&quot;,&quot;checks&quot;:[],&quot;broken&quot;:false,&quot;last_checked&quot;:null,&quot;process&quot;:&quot;done&quot;},{&quot;id&quot;:227,&quot;href&quot;:&quot;https:\\\/\\\/media.hal.science\\\/hal-04073154v1&quot;,&quot;archived_href&quot;:&quot;https:\\\/\\\/web-wp.archive.org\\\/web\\\/20260416194908\\\/https:\\\/\\\/media.hal.science\\\/hal-04073154v1&quot;,&quot;redirect_href&quot;:&quot;&quot;,&quot;checks&quot;:[],&quot;broken&quot;:false,&quot;last_checked&quot;:null,&quot;process&quot;:&quot;done&quot;}]'><\/div>\n<p class=\"has-text-align-left\">Souvenir n\u00b07 :<\/p>\n\n\n\n<p class=\"has-text-align-center\"><mark style=\"background-color:#D1DFE4\" class=\"has-inline-color has-black-color\"><strong>\u00ab\u00a0Je me souviens de Monsieur Mouton, l&rsquo;ophtalmo, qui avait une moustache blanche\u00a0\u00bb <\/strong><br>(Georges Perec, <em>Je me souviens<\/em>, 1978)<\/mark><\/p>\n\n\n\n<p>De qui se souvient-on ? Qu&rsquo;est devenu cet homme photographi\u00e9 par Claudie Fayein, m\u00e9decin anthropologue, \u00e0 Ma&rsquo;rib, au Yemen en 1975 ? Un regard qui plonge directement dans l&rsquo;objectif, un tricot \u00e0 mailles blanches assez chic, une jambiya \u00e0 la ceinture, l&rsquo;ombre port\u00e9 du feuillage des arbres sur son bras&#8230; un instantan\u00e9 qui nous donne  \u00e0 voir un Y\u00e9men qui ne sera jamais plus comme ce vieil homme l&rsquo;a v\u00e9cu.<\/p>\n\n\n\n<p><a href=\"https:\/\/media.hal.science\/search\/index\/q\/*\/keyword_t\/Fonds%20Claudie%20Fayein%20(1912-2002)\">Les photographies de Claudie Fayein (1912-2002) sur M\u00e9dihal.<\/a><\/p>\n\n\n\n<pre class=\"wp-block-verse has-text-align-left\"><mark style=\"background-color:rgba(0, 0, 0, 0)\" class=\"has-inline-color has-purple-color\"><\/mark><em><strong>Cr\u00e9dit photographique :<\/strong>\n<\/em>Fonds Claudie Fayein (1912-2002) - Y\u00e9men - Ma'rib - Un homme enturbann\u00e9 portant une jambiya \u00e0 sa ceinture. Aix Marseille Univ, CNRS, MMSH, Aix-en-Provence, France - Secteur Archives de la recherche de la M\u00e9diath\u00e8que SHS de la Maison m\u00e9diterran\u00e9enne des sciences de l'homme, Ma'rib, Yemen. 1975. \u27e8<a href=\"https:\/\/media.hal.science\/hal-04073154v1\">hal-04073154<\/a>\u27e9\n<\/pre>\n","protected":false},"excerpt":{"rendered":"<p>Souvenir n\u00b07 : \u00ab\u00a0Je me souviens de Monsieur Mouton, l&rsquo;ophtalmo, qui avait une moustache blanche\u00a0\u00bb (Georges Perec, Je me souviens, 1978) De qui se souvient-on ? Qu&rsquo;est devenu cet homme photographi\u00e9 par Claudie Fayein, m\u00e9decin anthropologue, \u00e0 Ma&rsquo;rib, au Yemen en 1975 ? Un regard qui plonge directement dans l&rsquo;objectif, un tricot \u00e0 mailles blanches&hellip; <a class=\"more-link\" href=\"https:\/\/pba.mmsh.fr\/?p=993\">Poursuivre la lecture <span class=\"screen-reader-text\">AVENT 2023 &#8211; Jour 17<\/span><\/a><\/p>\n","protected":false},"author":6,"featured_media":1298,"comment_status":"open","ping_status":"open","sticky":false,"template":"","format":"standard","meta":{"footnotes":""},"categories":[41,66],"tags":[67],"class_list":["post-993","post","type-post","status-publish","format-standard","has-post-thumbnail","hentry","category-archives","category-calendrier-de-lavent","tag-je-me-souviens","entry"],"yoast_head":"<!-- This site is optimized with the Yoast SEO plugin v27.4 - https:\/\/yoast.com\/product\/yoast-seo-wordpress\/ -->\n<title>AVENT 2023 - Jour 17 - P\u00f4le Biblioth\u00e8ques et Archives de la MMSH<\/title>\n<meta name=\"robots\" content=\"index, follow, max-snippet:-1, max-image-preview:large, max-video-preview:-1\" \/>\n<link rel=\"canonical\" href=\"https:\/\/pba.mmsh.fr\/?p=993\" \/>\n<meta property=\"og:locale\" content=\"fr_FR\" \/>\n<meta property=\"og:type\" content=\"article\" \/>\n<meta property=\"og:title\" content=\"AVENT 2023 - Jour 17 - P\u00f4le Biblioth\u00e8ques et Archives de la MMSH\" \/>\n<meta property=\"og:description\" content=\"Souvenir n\u00b07 : \u00ab\u00a0Je me souviens de Monsieur Mouton, l&rsquo;ophtalmo, qui avait une moustache blanche\u00a0\u00bb (Georges Perec, Je me souviens, 1978) De qui se souvient-on ? Qu&rsquo;est devenu cet homme photographi\u00e9 par Claudie Fayein, m\u00e9decin anthropologue, \u00e0 Ma&rsquo;rib, au Yemen en 1975 ? Un regard qui plonge directement dans l&rsquo;objectif, un tricot \u00e0 mailles blanches&hellip; Poursuivre la lecture AVENT 2023 &#8211; Jour 17\" \/>\n<meta property=\"og:url\" content=\"https:\/\/pba.mmsh.fr\/?p=993\" \/>\n<meta property=\"og:site_name\" content=\"P\u00f4le Biblioth\u00e8ques et Archives de la MMSH\" \/>\n<meta property=\"article:published_time\" content=\"2023-12-17T05:00:33+00:00\" \/>\n<meta property=\"article:modified_time\" content=\"2024-04-17T08:46:08+00:00\" \/>\n<meta property=\"og:image\" content=\"https:\/\/pba.mmsh.fr\/wp-content\/uploads\/2023\/12\/moustachu-scaled-e1701856820777.jpg\" \/>\n\t<meta property=\"og:image:width\" content=\"650\" \/>\n\t<meta property=\"og:image:height\" content=\"969\" \/>\n\t<meta property=\"og:image:type\" content=\"image\/jpeg\" \/>\n<meta name=\"author\" content=\"V\u00e9ronique Ginouves\" \/>\n<meta name=\"twitter:card\" content=\"summary_large_image\" \/>\n<meta name=\"twitter:label1\" content=\"\u00c9crit par\" \/>\n\t<meta name=\"twitter:data1\" content=\"V\u00e9ronique Ginouves\" \/>\n\t<meta name=\"twitter:label2\" content=\"Dur\u00e9e de lecture estim\u00e9e\" \/>\n\t<meta name=\"twitter:data2\" content=\"1 minute\" \/>\n<script type=\"application\/ld+json\" class=\"yoast-schema-graph\">{\"@context\":\"https:\\\/\\\/schema.org\",\"@graph\":[{\"@type\":\"Article\",\"@id\":\"https:\\\/\\\/pba.mmsh.fr\\\/?p=993#article\",\"isPartOf\":{\"@id\":\"https:\\\/\\\/pba.mmsh.fr\\\/?p=993\"},\"author\":{\"name\":\"V\u00e9ronique Ginouves\",\"@id\":\"https:\\\/\\\/pba.mmsh.fr\\\/#\\\/schema\\\/person\\\/8a97db2e3f0a73b41ab01cd25eb99682\"},\"headline\":\"AVENT 2023 &#8211; Jour 17\",\"datePublished\":\"2023-12-17T05:00:33+00:00\",\"dateModified\":\"2024-04-17T08:46:08+00:00\",\"mainEntityOfPage\":{\"@id\":\"https:\\\/\\\/pba.mmsh.fr\\\/?p=993\"},\"wordCount\":103,\"commentCount\":0,\"publisher\":{\"@id\":\"https:\\\/\\\/pba.mmsh.fr\\\/#organization\"},\"image\":{\"@id\":\"https:\\\/\\\/pba.mmsh.fr\\\/?p=993#primaryimage\"},\"thumbnailUrl\":\"https:\\\/\\\/pba.mmsh.fr\\\/wp-content\\\/uploads\\\/2023\\\/12\\\/moustachu-scaled-e1701856820777.jpg\",\"keywords\":[\"Je me souviens\"],\"articleSection\":[\"Archives\",\"Calendrier de l'Avent\"],\"inLanguage\":\"fr-FR\",\"potentialAction\":[{\"@type\":\"CommentAction\",\"name\":\"Comment\",\"target\":[\"https:\\\/\\\/pba.mmsh.fr\\\/?p=993#respond\"]}]},{\"@type\":\"WebPage\",\"@id\":\"https:\\\/\\\/pba.mmsh.fr\\\/?p=993\",\"url\":\"https:\\\/\\\/pba.mmsh.fr\\\/?p=993\",\"name\":\"AVENT 2023 - Jour 17 - P\u00f4le Biblioth\u00e8ques et Archives de la MMSH\",\"isPartOf\":{\"@id\":\"https:\\\/\\\/pba.mmsh.fr\\\/#website\"},\"primaryImageOfPage\":{\"@id\":\"https:\\\/\\\/pba.mmsh.fr\\\/?p=993#primaryimage\"},\"image\":{\"@id\":\"https:\\\/\\\/pba.mmsh.fr\\\/?p=993#primaryimage\"},\"thumbnailUrl\":\"https:\\\/\\\/pba.mmsh.fr\\\/wp-content\\\/uploads\\\/2023\\\/12\\\/moustachu-scaled-e1701856820777.jpg\",\"datePublished\":\"2023-12-17T05:00:33+00:00\",\"dateModified\":\"2024-04-17T08:46:08+00:00\",\"breadcrumb\":{\"@id\":\"https:\\\/\\\/pba.mmsh.fr\\\/?p=993#breadcrumb\"},\"inLanguage\":\"fr-FR\",\"potentialAction\":[{\"@type\":\"ReadAction\",\"target\":[\"https:\\\/\\\/pba.mmsh.fr\\\/?p=993\"]}]},{\"@type\":\"ImageObject\",\"inLanguage\":\"fr-FR\",\"@id\":\"https:\\\/\\\/pba.mmsh.fr\\\/?p=993#primaryimage\",\"url\":\"https:\\\/\\\/pba.mmsh.fr\\\/wp-content\\\/uploads\\\/2023\\\/12\\\/moustachu-scaled-e1701856820777.jpg\",\"contentUrl\":\"https:\\\/\\\/pba.mmsh.fr\\\/wp-content\\\/uploads\\\/2023\\\/12\\\/moustachu-scaled-e1701856820777.jpg\",\"width\":650,\"height\":969},{\"@type\":\"BreadcrumbList\",\"@id\":\"https:\\\/\\\/pba.mmsh.fr\\\/?p=993#breadcrumb\",\"itemListElement\":[{\"@type\":\"ListItem\",\"position\":1,\"name\":\"Accueil\",\"item\":\"https:\\\/\\\/pba.mmsh.fr\\\/\"},{\"@type\":\"ListItem\",\"position\":2,\"name\":\"AVENT 2023 &#8211; Jour 17\"}]},{\"@type\":\"WebSite\",\"@id\":\"https:\\\/\\\/pba.mmsh.fr\\\/#website\",\"url\":\"https:\\\/\\\/pba.mmsh.fr\\\/\",\"name\":\"P\u00f4le Biblioth\u00e8ques et Archives de la MMSH\",\"description\":\"Biblioth\u00e8ques et Archives \u00e0 la Maison m\u00e9diterran\u00e9enne des sciences de l\u2019homme\",\"publisher\":{\"@id\":\"https:\\\/\\\/pba.mmsh.fr\\\/#organization\"},\"potentialAction\":[{\"@type\":\"SearchAction\",\"target\":{\"@type\":\"EntryPoint\",\"urlTemplate\":\"https:\\\/\\\/pba.mmsh.fr\\\/?s={search_term_string}\"},\"query-input\":{\"@type\":\"PropertyValueSpecification\",\"valueRequired\":true,\"valueName\":\"search_term_string\"}}],\"inLanguage\":\"fr-FR\"},{\"@type\":\"Organization\",\"@id\":\"https:\\\/\\\/pba.mmsh.fr\\\/#organization\",\"name\":\"P\u00f4le Biblioth\u00e8ques et Archives de la MMSH\",\"url\":\"https:\\\/\\\/pba.mmsh.fr\\\/\",\"logo\":{\"@type\":\"ImageObject\",\"inLanguage\":\"fr-FR\",\"@id\":\"https:\\\/\\\/pba.mmsh.fr\\\/#\\\/schema\\\/logo\\\/image\\\/\",\"url\":\"https:\\\/\\\/pba.mmsh.fr\\\/wp-content\\\/uploads\\\/2026\\\/01\\\/cropped-cropped-LOGO-UAR-MMSHS-coul.png\",\"contentUrl\":\"https:\\\/\\\/pba.mmsh.fr\\\/wp-content\\\/uploads\\\/2026\\\/01\\\/cropped-cropped-LOGO-UAR-MMSHS-coul.png\",\"width\":1161,\"height\":303,\"caption\":\"P\u00f4le Biblioth\u00e8ques et Archives de la MMSH\"},\"image\":{\"@id\":\"https:\\\/\\\/pba.mmsh.fr\\\/#\\\/schema\\\/logo\\\/image\\\/\"}},{\"@type\":\"Person\",\"@id\":\"https:\\\/\\\/pba.mmsh.fr\\\/#\\\/schema\\\/person\\\/8a97db2e3f0a73b41ab01cd25eb99682\",\"name\":\"V\u00e9ronique Ginouves\",\"image\":{\"@type\":\"ImageObject\",\"inLanguage\":\"fr-FR\",\"@id\":\"https:\\\/\\\/secure.gravatar.com\\\/avatar\\\/382e7459f3c6b6f954d8e875d9e211927a78e76138dd8ac149d5c6ff14523297?s=96&d=mm&r=g\",\"url\":\"https:\\\/\\\/secure.gravatar.com\\\/avatar\\\/382e7459f3c6b6f954d8e875d9e211927a78e76138dd8ac149d5c6ff14523297?s=96&d=mm&r=g\",\"contentUrl\":\"https:\\\/\\\/secure.gravatar.com\\\/avatar\\\/382e7459f3c6b6f954d8e875d9e211927a78e76138dd8ac149d5c6ff14523297?s=96&d=mm&r=g\",\"caption\":\"V\u00e9ronique Ginouves\"},\"sameAs\":[\"https:\\\/\\\/phonotheque.hypotheses.org\"],\"url\":\"https:\\\/\\\/pba.mmsh.fr\\\/?author=6\"}]}<\/script>\n<!-- \/ Yoast SEO plugin. -->","yoast_head_json":{"title":"AVENT 2023 - Jour 17 - P\u00f4le Biblioth\u00e8ques et Archives de la MMSH","robots":{"index":"index","follow":"follow","max-snippet":"max-snippet:-1","max-image-preview":"max-image-preview:large","max-video-preview":"max-video-preview:-1"},"canonical":"https:\/\/pba.mmsh.fr\/?p=993","og_locale":"fr_FR","og_type":"article","og_title":"AVENT 2023 - Jour 17 - P\u00f4le Biblioth\u00e8ques et Archives de la MMSH","og_description":"Souvenir n\u00b07 : \u00ab\u00a0Je me souviens de Monsieur Mouton, l&rsquo;ophtalmo, qui avait une moustache blanche\u00a0\u00bb (Georges Perec, Je me souviens, 1978) De qui se souvient-on ? Qu&rsquo;est devenu cet homme photographi\u00e9 par Claudie Fayein, m\u00e9decin anthropologue, \u00e0 Ma&rsquo;rib, au Yemen en 1975 ? Un regard qui plonge directement dans l&rsquo;objectif, un tricot \u00e0 mailles blanches&hellip; Poursuivre la lecture AVENT 2023 &#8211; Jour 17","og_url":"https:\/\/pba.mmsh.fr\/?p=993","og_site_name":"P\u00f4le Biblioth\u00e8ques et Archives de la MMSH","article_published_time":"2023-12-17T05:00:33+00:00","article_modified_time":"2024-04-17T08:46:08+00:00","og_image":[{"width":650,"height":969,"url":"https:\/\/pba.mmsh.fr\/wp-content\/uploads\/2023\/12\/moustachu-scaled-e1701856820777.jpg","type":"image\/jpeg"}],"author":"V\u00e9ronique Ginouves","twitter_card":"summary_large_image","twitter_misc":{"\u00c9crit par":"V\u00e9ronique Ginouves","Dur\u00e9e de lecture estim\u00e9e":"1 minute"},"schema":{"@context":"https:\/\/schema.org","@graph":[{"@type":"Article","@id":"https:\/\/pba.mmsh.fr\/?p=993#article","isPartOf":{"@id":"https:\/\/pba.mmsh.fr\/?p=993"},"author":{"name":"V\u00e9ronique Ginouves","@id":"https:\/\/pba.mmsh.fr\/#\/schema\/person\/8a97db2e3f0a73b41ab01cd25eb99682"},"headline":"AVENT 2023 &#8211; Jour 17","datePublished":"2023-12-17T05:00:33+00:00","dateModified":"2024-04-17T08:46:08+00:00","mainEntityOfPage":{"@id":"https:\/\/pba.mmsh.fr\/?p=993"},"wordCount":103,"commentCount":0,"publisher":{"@id":"https:\/\/pba.mmsh.fr\/#organization"},"image":{"@id":"https:\/\/pba.mmsh.fr\/?p=993#primaryimage"},"thumbnailUrl":"https:\/\/pba.mmsh.fr\/wp-content\/uploads\/2023\/12\/moustachu-scaled-e1701856820777.jpg","keywords":["Je me souviens"],"articleSection":["Archives","Calendrier de l'Avent"],"inLanguage":"fr-FR","potentialAction":[{"@type":"CommentAction","name":"Comment","target":["https:\/\/pba.mmsh.fr\/?p=993#respond"]}]},{"@type":"WebPage","@id":"https:\/\/pba.mmsh.fr\/?p=993","url":"https:\/\/pba.mmsh.fr\/?p=993","name":"AVENT 2023 - Jour 17 - P\u00f4le Biblioth\u00e8ques et Archives de la MMSH","isPartOf":{"@id":"https:\/\/pba.mmsh.fr\/#website"},"primaryImageOfPage":{"@id":"https:\/\/pba.mmsh.fr\/?p=993#primaryimage"},"image":{"@id":"https:\/\/pba.mmsh.fr\/?p=993#primaryimage"},"thumbnailUrl":"https:\/\/pba.mmsh.fr\/wp-content\/uploads\/2023\/12\/moustachu-scaled-e1701856820777.jpg","datePublished":"2023-12-17T05:00:33+00:00","dateModified":"2024-04-17T08:46:08+00:00","breadcrumb":{"@id":"https:\/\/pba.mmsh.fr\/?p=993#breadcrumb"},"inLanguage":"fr-FR","potentialAction":[{"@type":"ReadAction","target":["https:\/\/pba.mmsh.fr\/?p=993"]}]},{"@type":"ImageObject","inLanguage":"fr-FR","@id":"https:\/\/pba.mmsh.fr\/?p=993#primaryimage","url":"https:\/\/pba.mmsh.fr\/wp-content\/uploads\/2023\/12\/moustachu-scaled-e1701856820777.jpg","contentUrl":"https:\/\/pba.mmsh.fr\/wp-content\/uploads\/2023\/12\/moustachu-scaled-e1701856820777.jpg","width":650,"height":969},{"@type":"BreadcrumbList","@id":"https:\/\/pba.mmsh.fr\/?p=993#breadcrumb","itemListElement":[{"@type":"ListItem","position":1,"name":"Accueil","item":"https:\/\/pba.mmsh.fr\/"},{"@type":"ListItem","position":2,"name":"AVENT 2023 &#8211; Jour 17"}]},{"@type":"WebSite","@id":"https:\/\/pba.mmsh.fr\/#website","url":"https:\/\/pba.mmsh.fr\/","name":"P\u00f4le Biblioth\u00e8ques et Archives de la MMSH","description":"Biblioth\u00e8ques et Archives \u00e0 la Maison m\u00e9diterran\u00e9enne des sciences de l\u2019homme","publisher":{"@id":"https:\/\/pba.mmsh.fr\/#organization"},"potentialAction":[{"@type":"SearchAction","target":{"@type":"EntryPoint","urlTemplate":"https:\/\/pba.mmsh.fr\/?s={search_term_string}"},"query-input":{"@type":"PropertyValueSpecification","valueRequired":true,"valueName":"search_term_string"}}],"inLanguage":"fr-FR"},{"@type":"Organization","@id":"https:\/\/pba.mmsh.fr\/#organization","name":"P\u00f4le Biblioth\u00e8ques et Archives de la MMSH","url":"https:\/\/pba.mmsh.fr\/","logo":{"@type":"ImageObject","inLanguage":"fr-FR","@id":"https:\/\/pba.mmsh.fr\/#\/schema\/logo\/image\/","url":"https:\/\/pba.mmsh.fr\/wp-content\/uploads\/2026\/01\/cropped-cropped-LOGO-UAR-MMSHS-coul.png","contentUrl":"https:\/\/pba.mmsh.fr\/wp-content\/uploads\/2026\/01\/cropped-cropped-LOGO-UAR-MMSHS-coul.png","width":1161,"height":303,"caption":"P\u00f4le Biblioth\u00e8ques et Archives de la MMSH"},"image":{"@id":"https:\/\/pba.mmsh.fr\/#\/schema\/logo\/image\/"}},{"@type":"Person","@id":"https:\/\/pba.mmsh.fr\/#\/schema\/person\/8a97db2e3f0a73b41ab01cd25eb99682","name":"V\u00e9ronique Ginouves","image":{"@type":"ImageObject","inLanguage":"fr-FR","@id":"https:\/\/secure.gravatar.com\/avatar\/382e7459f3c6b6f954d8e875d9e211927a78e76138dd8ac149d5c6ff14523297?s=96&d=mm&r=g","url":"https:\/\/secure.gravatar.com\/avatar\/382e7459f3c6b6f954d8e875d9e211927a78e76138dd8ac149d5c6ff14523297?s=96&d=mm&r=g","contentUrl":"https:\/\/secure.gravatar.com\/avatar\/382e7459f3c6b6f954d8e875d9e211927a78e76138dd8ac149d5c6ff14523297?s=96&d=mm&r=g","caption":"V\u00e9ronique Ginouves"},"sameAs":["https:\/\/phonotheque.hypotheses.org"],"url":"https:\/\/pba.mmsh.fr\/?author=6"}]}},"_links":{"self":[{"href":"https:\/\/pba.mmsh.fr\/index.php?rest_route=\/wp\/v2\/posts\/993","targetHints":{"allow":["GET"]}}],"collection":[{"href":"https:\/\/pba.mmsh.fr\/index.php?rest_route=\/wp\/v2\/posts"}],"about":[{"href":"https:\/\/pba.mmsh.fr\/index.php?rest_route=\/wp\/v2\/types\/post"}],"author":[{"embeddable":true,"href":"https:\/\/pba.mmsh.fr\/index.php?rest_route=\/wp\/v2\/users\/6"}],"replies":[{"embeddable":true,"href":"https:\/\/pba.mmsh.fr\/index.php?rest_route=%2Fwp%2Fv2%2Fcomments&post=993"}],"version-history":[{"count":6,"href":"https:\/\/pba.mmsh.fr\/index.php?rest_route=\/wp\/v2\/posts\/993\/revisions"}],"predecessor-version":[{"id":1625,"href":"https:\/\/pba.mmsh.fr\/index.php?rest_route=\/wp\/v2\/posts\/993\/revisions\/1625"}],"wp:featuredmedia":[{"embeddable":true,"href":"https:\/\/pba.mmsh.fr\/index.php?rest_route=\/wp\/v2\/media\/1298"}],"wp:attachment":[{"href":"https:\/\/pba.mmsh.fr\/index.php?rest_route=%2Fwp%2Fv2%2Fmedia&parent=993"}],"wp:term":[{"taxonomy":"category","embeddable":true,"href":"https:\/\/pba.mmsh.fr\/index.php?rest_route=%2Fwp%2Fv2%2Fcategories&post=993"},{"taxonomy":"post_tag","embeddable":true,"href":"https:\/\/pba.mmsh.fr\/index.php?rest_route=%2Fwp%2Fv2%2Ftags&post=993"}],"curies":[{"name":"wp","href":"https:\/\/api.w.org\/{rel}","templated":true}]}}