{"id":995,"date":"2023-12-18T06:00:03","date_gmt":"2023-12-18T05:00:03","guid":{"rendered":"https:\/\/pba.mmsh.fr\/?p=995"},"modified":"2024-04-17T10:45:57","modified_gmt":"2024-04-17T08:45:57","slug":"avent-2023-jour-18","status":"publish","type":"post","link":"https:\/\/pba.mmsh.fr\/?p=995","title":{"rendered":"AVENT 2023 &#8211; Jour 18"},"content":{"rendered":"<div class='__iawmlf-post-loop-links' style='display:none;' data-iawmlf-post-links='[{&quot;id&quot;:220,&quot;href&quot;:&quot;https:\\\/\\\/mediatec.hypotheses.org\\\/13582&quot;,&quot;archived_href&quot;:&quot;&quot;,&quot;redirect_href&quot;:&quot;&quot;,&quot;checks&quot;:[],&quot;broken&quot;:false,&quot;last_checked&quot;:null,&quot;process&quot;:&quot;done&quot;},{&quot;id&quot;:221,&quot;href&quot;:&quot;https:\\\/\\\/catalogue.univ-amu.fr\\\/cgi-bin\\\/koha\\\/opac-shelves.pl?op=view&amp;shelfnumber=13094&quot;,&quot;archived_href&quot;:&quot;&quot;,&quot;redirect_href&quot;:&quot;&quot;,&quot;checks&quot;:[],&quot;broken&quot;:false,&quot;last_checked&quot;:null,&quot;process&quot;:&quot;done&quot;},{&quot;id&quot;:222,&quot;href&quot;:&quot;https:\\\/\\\/www.sudoc.fr\\\/039367193&quot;,&quot;archived_href&quot;:&quot;&quot;,&quot;redirect_href&quot;:&quot;&quot;,&quot;checks&quot;:[],&quot;broken&quot;:false,&quot;last_checked&quot;:null,&quot;process&quot;:&quot;done&quot;},{&quot;id&quot;:223,&quot;href&quot;:&quot;https:\\\/\\\/catalogue.univ-amu.fr\\\/cgi-bin\\\/koha\\\/opac-detail.pl?biblionumber=1019324&quot;,&quot;archived_href&quot;:&quot;&quot;,&quot;redirect_href&quot;:&quot;&quot;,&quot;checks&quot;:[],&quot;broken&quot;:false,&quot;last_checked&quot;:null,&quot;process&quot;:&quot;done&quot;},{&quot;id&quot;:224,&quot;href&quot;:&quot;https:\\\/\\\/gallica.bnf.fr\\\/ark:\\\/12148\\\/cb34362263m\\\/date1881&quot;,&quot;archived_href&quot;:&quot;https:\\\/\\\/web-wp.archive.org\\\/web\\\/20250515194801\\\/https:\\\/\\\/gallica.bnf.fr\\\/ark:\\\/12148\\\/cb34362263m\\\/date1881&quot;,&quot;redirect_href&quot;:&quot;&quot;,&quot;checks&quot;:[{&quot;date&quot;:&quot;2026-04-16 19:19:57&quot;,&quot;http_code&quot;:206}],&quot;broken&quot;:false,&quot;last_checked&quot;:{&quot;date&quot;:&quot;2026-04-16 19:19:57&quot;,&quot;http_code&quot;:206},&quot;process&quot;:&quot;done&quot;},{&quot;id&quot;:225,&quot;href&quot;:&quot;https:\\\/\\\/www.sudoc.fr\\\/270096205&quot;,&quot;archived_href&quot;:&quot;&quot;,&quot;redirect_href&quot;:&quot;&quot;,&quot;checks&quot;:[],&quot;broken&quot;:false,&quot;last_checked&quot;:null,&quot;process&quot;:&quot;done&quot;}]'><\/div>\n<p class=\"has-text-align-left\">Souvenir n\u00b0170 :<\/p>\n\n\n\n<p class=\"has-text-align-center\"><mark style=\"background-color:#E4D1D1\" class=\"has-inline-color has-black-color\"><strong>\u00ab\u00a0Je me souviens de l&rsquo;\u00e9t\u00e9 de mes 14 ans en Corse.\u00a0\u00bb <\/strong><br>(Georges Perec, <em>Je me souviens<\/em>, 1978)<\/mark><\/p>\n\n\n\n<p>Je me souviens du travail de&nbsp;Coralie LEHERPEUX-DAUMAS \u00e9tudiante stagiaire en Master 1 Biblioth\u00e8que-Archive sur les revues corses.<\/p>\n\n\n\n<p>D&rsquo;ailleurs vous pouvez lire un r\u00e9sum\u00e9 de son stage sur le <a href=\"https:\/\/mediatec.hypotheses.org\/13582\" target=\"_blank\" rel=\"noreferrer noopener\">carnet de la m\u00e9diath\u00e8que<\/a>.<\/p>\n\n\n\n<p>Je me souviens des heures pass\u00e9es entre les compactus de la M\u00e9diath\u00e8que. Ce long travail de r\u00e9colement,&nbsp;catalogage, exemplarisation qui a permis de mettre en valeur la riche <a href=\"https:\/\/catalogue.univ-amu.fr\/cgi-bin\/koha\/opac-shelves.pl?op=view&amp;shelfnumber=13094\" target=\"_blank\" rel=\"noreferrer noopener\">collection des revues corses<\/a> de la M\u00e9diath\u00e8que.<\/p>\n\n\n\n<p>Nous pouvons prendre comme exemple :<\/p>\n\n\n\n<p><a href=\"https:\/\/www.sudoc.fr\/039367193\" target=\"_blank\" rel=\"noreferrer noopener\">Le Petit bastiais corse<\/a> : Journal fond\u00e9 en 1875 &#8211; Le doyen des journaux de la Haute-Corse qui est disponible \u00e0 la<a href=\"https:\/\/catalogue.univ-amu.fr\/cgi-bin\/koha\/opac-detail.pl?biblionumber=1019324\" target=\"_blank\" rel=\"noreferrer noopener\"> M\u00e9diath\u00e8que de la MMSH<\/a> mais aussi en <a href=\"https:\/\/gallica.bnf.fr\/ark:\/12148\/cb34362263m\/date1881\" target=\"_blank\" rel=\"noreferrer noopener\">ligne sur Galicca<\/a>.<\/p>\n\n\n\n<p>et la revue<a href=\"https:\/\/www.sudoc.fr\/270096205\" target=\"_blank\" rel=\"noreferrer noopener\">&nbsp;Kallist\u00e9<\/a> disponible seulement \u00e0 la M\u00e9diath\u00e8que.<\/p>\n\n\n\n<p>Toutes ces revues&nbsp; sont un floril\u00e8ge de la culture corse, de son histoire, de son patrimoine, de son identit\u00e9&#8230;<\/p>\n\n\n\n<p><strong><em>Cr\u00e9dit photographique : <\/em><\/strong><br><em>Capture d&rsquo;\u00e9cran du journal Le Petit Bastiais, Gallica, https:\/\/gallica.bnf.fr\/ark:\/12148\/bpt6k13356203<\/em><\/p>\n","protected":false},"excerpt":{"rendered":"<p>Souvenir n\u00b0170 : \u00ab\u00a0Je me souviens de l&rsquo;\u00e9t\u00e9 de mes 14 ans en Corse.\u00a0\u00bb (Georges Perec, Je me souviens, 1978) Je me souviens du travail de&nbsp;Coralie LEHERPEUX-DAUMAS \u00e9tudiante stagiaire en Master 1 Biblioth\u00e8que-Archive sur les revues corses. D&rsquo;ailleurs vous pouvez lire un r\u00e9sum\u00e9 de son stage sur le carnet de la m\u00e9diath\u00e8que. Je me souviens&hellip; <a class=\"more-link\" href=\"https:\/\/pba.mmsh.fr\/?p=995\">Poursuivre la lecture <span class=\"screen-reader-text\">AVENT 2023 &#8211; Jour 18<\/span><\/a><\/p>\n","protected":false},"author":16,"featured_media":1219,"comment_status":"open","ping_status":"open","sticky":false,"template":"","format":"standard","meta":{"footnotes":""},"categories":[41,66],"tags":[78,67,49],"class_list":["post-995","post","type-post","status-publish","format-standard","has-post-thumbnail","hentry","category-archives","category-calendrier-de-lavent","tag-corse","tag-je-me-souviens","tag-revues","entry"],"yoast_head":"<!-- This site is optimized with the Yoast SEO plugin v27.5 - https:\/\/yoast.com\/product\/yoast-seo-wordpress\/ -->\n<title>AVENT 2023 - Jour 18 - P\u00f4le Biblioth\u00e8ques et Archives de la MMSH<\/title>\n<meta name=\"robots\" content=\"index, follow, max-snippet:-1, max-image-preview:large, max-video-preview:-1\" \/>\n<link rel=\"canonical\" href=\"https:\/\/pba.mmsh.fr\/?p=995\" \/>\n<meta property=\"og:locale\" content=\"fr_FR\" \/>\n<meta property=\"og:type\" content=\"article\" \/>\n<meta property=\"og:title\" content=\"AVENT 2023 - Jour 18 - P\u00f4le Biblioth\u00e8ques et Archives de la MMSH\" \/>\n<meta property=\"og:description\" content=\"Souvenir n\u00b0170 : \u00ab\u00a0Je me souviens de l&rsquo;\u00e9t\u00e9 de mes 14 ans en Corse.\u00a0\u00bb (Georges Perec, Je me souviens, 1978) Je me souviens du travail de&nbsp;Coralie LEHERPEUX-DAUMAS \u00e9tudiante stagiaire en Master 1 Biblioth\u00e8que-Archive sur les revues corses. D&rsquo;ailleurs vous pouvez lire un r\u00e9sum\u00e9 de son stage sur le carnet de la m\u00e9diath\u00e8que. Je me souviens&hellip; Poursuivre la lecture AVENT 2023 &#8211; Jour 18\" \/>\n<meta property=\"og:url\" content=\"https:\/\/pba.mmsh.fr\/?p=995\" \/>\n<meta property=\"og:site_name\" content=\"P\u00f4le Biblioth\u00e8ques et Archives de la MMSH\" \/>\n<meta property=\"article:published_time\" content=\"2023-12-18T05:00:03+00:00\" \/>\n<meta property=\"article:modified_time\" content=\"2024-04-17T08:45:57+00:00\" \/>\n<meta property=\"og:image\" content=\"https:\/\/pba.mmsh.fr\/wp-content\/uploads\/2023\/12\/Capture-decran-2023-12-05-153243-e1701856994233.png\" \/>\n\t<meta property=\"og:image:width\" content=\"650\" \/>\n\t<meta property=\"og:image:height\" content=\"483\" \/>\n\t<meta property=\"og:image:type\" content=\"image\/png\" \/>\n<meta name=\"author\" content=\"Nathalie Cotelle\" \/>\n<meta name=\"twitter:card\" content=\"summary_large_image\" \/>\n<meta name=\"twitter:label1\" content=\"\u00c9crit par\" \/>\n\t<meta name=\"twitter:data1\" content=\"Nathalie Cotelle\" \/>\n\t<meta name=\"twitter:label2\" content=\"Dur\u00e9e de lecture estim\u00e9e\" \/>\n\t<meta name=\"twitter:data2\" content=\"2 minutes\" \/>\n<script type=\"application\/ld+json\" class=\"yoast-schema-graph\">{\"@context\":\"https:\\\/\\\/schema.org\",\"@graph\":[{\"@type\":\"Article\",\"@id\":\"https:\\\/\\\/pba.mmsh.fr\\\/?p=995#article\",\"isPartOf\":{\"@id\":\"https:\\\/\\\/pba.mmsh.fr\\\/?p=995\"},\"author\":{\"name\":\"Nathalie Cotelle\",\"@id\":\"https:\\\/\\\/pba.mmsh.fr\\\/#\\\/schema\\\/person\\\/166e1ff94635c3bf86fa25418aad113a\"},\"headline\":\"AVENT 2023 &#8211; Jour 18\",\"datePublished\":\"2023-12-18T05:00:03+00:00\",\"dateModified\":\"2024-04-17T08:45:57+00:00\",\"mainEntityOfPage\":{\"@id\":\"https:\\\/\\\/pba.mmsh.fr\\\/?p=995\"},\"wordCount\":188,\"commentCount\":0,\"publisher\":{\"@id\":\"https:\\\/\\\/pba.mmsh.fr\\\/#organization\"},\"image\":{\"@id\":\"https:\\\/\\\/pba.mmsh.fr\\\/?p=995#primaryimage\"},\"thumbnailUrl\":\"https:\\\/\\\/pba.mmsh.fr\\\/wp-content\\\/uploads\\\/2023\\\/12\\\/Capture-decran-2023-12-05-153243-e1701856994233.png\",\"keywords\":[\"corse\",\"Je me souviens\",\"Revues\"],\"articleSection\":[\"Archives\",\"Calendrier de l'Avent\"],\"inLanguage\":\"fr-FR\",\"potentialAction\":[{\"@type\":\"CommentAction\",\"name\":\"Comment\",\"target\":[\"https:\\\/\\\/pba.mmsh.fr\\\/?p=995#respond\"]}]},{\"@type\":\"WebPage\",\"@id\":\"https:\\\/\\\/pba.mmsh.fr\\\/?p=995\",\"url\":\"https:\\\/\\\/pba.mmsh.fr\\\/?p=995\",\"name\":\"AVENT 2023 - Jour 18 - P\u00f4le Biblioth\u00e8ques et Archives de la MMSH\",\"isPartOf\":{\"@id\":\"https:\\\/\\\/pba.mmsh.fr\\\/#website\"},\"primaryImageOfPage\":{\"@id\":\"https:\\\/\\\/pba.mmsh.fr\\\/?p=995#primaryimage\"},\"image\":{\"@id\":\"https:\\\/\\\/pba.mmsh.fr\\\/?p=995#primaryimage\"},\"thumbnailUrl\":\"https:\\\/\\\/pba.mmsh.fr\\\/wp-content\\\/uploads\\\/2023\\\/12\\\/Capture-decran-2023-12-05-153243-e1701856994233.png\",\"datePublished\":\"2023-12-18T05:00:03+00:00\",\"dateModified\":\"2024-04-17T08:45:57+00:00\",\"breadcrumb\":{\"@id\":\"https:\\\/\\\/pba.mmsh.fr\\\/?p=995#breadcrumb\"},\"inLanguage\":\"fr-FR\",\"potentialAction\":[{\"@type\":\"ReadAction\",\"target\":[\"https:\\\/\\\/pba.mmsh.fr\\\/?p=995\"]}]},{\"@type\":\"ImageObject\",\"inLanguage\":\"fr-FR\",\"@id\":\"https:\\\/\\\/pba.mmsh.fr\\\/?p=995#primaryimage\",\"url\":\"https:\\\/\\\/pba.mmsh.fr\\\/wp-content\\\/uploads\\\/2023\\\/12\\\/Capture-decran-2023-12-05-153243-e1701856994233.png\",\"contentUrl\":\"https:\\\/\\\/pba.mmsh.fr\\\/wp-content\\\/uploads\\\/2023\\\/12\\\/Capture-decran-2023-12-05-153243-e1701856994233.png\",\"width\":650,\"height\":483},{\"@type\":\"BreadcrumbList\",\"@id\":\"https:\\\/\\\/pba.mmsh.fr\\\/?p=995#breadcrumb\",\"itemListElement\":[{\"@type\":\"ListItem\",\"position\":1,\"name\":\"Accueil\",\"item\":\"https:\\\/\\\/pba.mmsh.fr\\\/\"},{\"@type\":\"ListItem\",\"position\":2,\"name\":\"AVENT 2023 &#8211; Jour 18\"}]},{\"@type\":\"WebSite\",\"@id\":\"https:\\\/\\\/pba.mmsh.fr\\\/#website\",\"url\":\"https:\\\/\\\/pba.mmsh.fr\\\/\",\"name\":\"P\u00f4le Biblioth\u00e8ques et Archives de la MMSH\",\"description\":\"Biblioth\u00e8ques et Archives \u00e0 la Maison m\u00e9diterran\u00e9enne des sciences de l\u2019homme\",\"publisher\":{\"@id\":\"https:\\\/\\\/pba.mmsh.fr\\\/#organization\"},\"potentialAction\":[{\"@type\":\"SearchAction\",\"target\":{\"@type\":\"EntryPoint\",\"urlTemplate\":\"https:\\\/\\\/pba.mmsh.fr\\\/?s={search_term_string}\"},\"query-input\":{\"@type\":\"PropertyValueSpecification\",\"valueRequired\":true,\"valueName\":\"search_term_string\"}}],\"inLanguage\":\"fr-FR\"},{\"@type\":\"Organization\",\"@id\":\"https:\\\/\\\/pba.mmsh.fr\\\/#organization\",\"name\":\"P\u00f4le Biblioth\u00e8ques et Archives de la MMSH\",\"url\":\"https:\\\/\\\/pba.mmsh.fr\\\/\",\"logo\":{\"@type\":\"ImageObject\",\"inLanguage\":\"fr-FR\",\"@id\":\"https:\\\/\\\/pba.mmsh.fr\\\/#\\\/schema\\\/logo\\\/image\\\/\",\"url\":\"https:\\\/\\\/pba.mmsh.fr\\\/wp-content\\\/uploads\\\/2026\\\/01\\\/cropped-cropped-LOGO-UAR-MMSHS-coul.png\",\"contentUrl\":\"https:\\\/\\\/pba.mmsh.fr\\\/wp-content\\\/uploads\\\/2026\\\/01\\\/cropped-cropped-LOGO-UAR-MMSHS-coul.png\",\"width\":1161,\"height\":303,\"caption\":\"P\u00f4le Biblioth\u00e8ques et Archives de la MMSH\"},\"image\":{\"@id\":\"https:\\\/\\\/pba.mmsh.fr\\\/#\\\/schema\\\/logo\\\/image\\\/\"}},{\"@type\":\"Person\",\"@id\":\"https:\\\/\\\/pba.mmsh.fr\\\/#\\\/schema\\\/person\\\/166e1ff94635c3bf86fa25418aad113a\",\"name\":\"Nathalie Cotelle\",\"image\":{\"@type\":\"ImageObject\",\"inLanguage\":\"fr-FR\",\"@id\":\"https:\\\/\\\/secure.gravatar.com\\\/avatar\\\/bf01ac8da2547d3a34d2995dc7a8a6b583945aeb0e828f3e6a6826b891266ad4?s=96&d=mm&r=g\",\"url\":\"https:\\\/\\\/secure.gravatar.com\\\/avatar\\\/bf01ac8da2547d3a34d2995dc7a8a6b583945aeb0e828f3e6a6826b891266ad4?s=96&d=mm&r=g\",\"contentUrl\":\"https:\\\/\\\/secure.gravatar.com\\\/avatar\\\/bf01ac8da2547d3a34d2995dc7a8a6b583945aeb0e828f3e6a6826b891266ad4?s=96&d=mm&r=g\",\"caption\":\"Nathalie Cotelle\"},\"url\":\"https:\\\/\\\/pba.mmsh.fr\\\/?author=16\"}]}<\/script>\n<!-- \/ Yoast SEO plugin. -->","yoast_head_json":{"title":"AVENT 2023 - Jour 18 - P\u00f4le Biblioth\u00e8ques et Archives de la MMSH","robots":{"index":"index","follow":"follow","max-snippet":"max-snippet:-1","max-image-preview":"max-image-preview:large","max-video-preview":"max-video-preview:-1"},"canonical":"https:\/\/pba.mmsh.fr\/?p=995","og_locale":"fr_FR","og_type":"article","og_title":"AVENT 2023 - Jour 18 - P\u00f4le Biblioth\u00e8ques et Archives de la MMSH","og_description":"Souvenir n\u00b0170 : \u00ab\u00a0Je me souviens de l&rsquo;\u00e9t\u00e9 de mes 14 ans en Corse.\u00a0\u00bb (Georges Perec, Je me souviens, 1978) Je me souviens du travail de&nbsp;Coralie LEHERPEUX-DAUMAS \u00e9tudiante stagiaire en Master 1 Biblioth\u00e8que-Archive sur les revues corses. D&rsquo;ailleurs vous pouvez lire un r\u00e9sum\u00e9 de son stage sur le carnet de la m\u00e9diath\u00e8que. Je me souviens&hellip; Poursuivre la lecture AVENT 2023 &#8211; Jour 18","og_url":"https:\/\/pba.mmsh.fr\/?p=995","og_site_name":"P\u00f4le Biblioth\u00e8ques et Archives de la MMSH","article_published_time":"2023-12-18T05:00:03+00:00","article_modified_time":"2024-04-17T08:45:57+00:00","og_image":[{"width":650,"height":483,"url":"https:\/\/pba.mmsh.fr\/wp-content\/uploads\/2023\/12\/Capture-decran-2023-12-05-153243-e1701856994233.png","type":"image\/png"}],"author":"Nathalie Cotelle","twitter_card":"summary_large_image","twitter_misc":{"\u00c9crit par":"Nathalie Cotelle","Dur\u00e9e de lecture estim\u00e9e":"2 minutes"},"schema":{"@context":"https:\/\/schema.org","@graph":[{"@type":"Article","@id":"https:\/\/pba.mmsh.fr\/?p=995#article","isPartOf":{"@id":"https:\/\/pba.mmsh.fr\/?p=995"},"author":{"name":"Nathalie Cotelle","@id":"https:\/\/pba.mmsh.fr\/#\/schema\/person\/166e1ff94635c3bf86fa25418aad113a"},"headline":"AVENT 2023 &#8211; Jour 18","datePublished":"2023-12-18T05:00:03+00:00","dateModified":"2024-04-17T08:45:57+00:00","mainEntityOfPage":{"@id":"https:\/\/pba.mmsh.fr\/?p=995"},"wordCount":188,"commentCount":0,"publisher":{"@id":"https:\/\/pba.mmsh.fr\/#organization"},"image":{"@id":"https:\/\/pba.mmsh.fr\/?p=995#primaryimage"},"thumbnailUrl":"https:\/\/pba.mmsh.fr\/wp-content\/uploads\/2023\/12\/Capture-decran-2023-12-05-153243-e1701856994233.png","keywords":["corse","Je me souviens","Revues"],"articleSection":["Archives","Calendrier de l'Avent"],"inLanguage":"fr-FR","potentialAction":[{"@type":"CommentAction","name":"Comment","target":["https:\/\/pba.mmsh.fr\/?p=995#respond"]}]},{"@type":"WebPage","@id":"https:\/\/pba.mmsh.fr\/?p=995","url":"https:\/\/pba.mmsh.fr\/?p=995","name":"AVENT 2023 - Jour 18 - P\u00f4le Biblioth\u00e8ques et Archives de la MMSH","isPartOf":{"@id":"https:\/\/pba.mmsh.fr\/#website"},"primaryImageOfPage":{"@id":"https:\/\/pba.mmsh.fr\/?p=995#primaryimage"},"image":{"@id":"https:\/\/pba.mmsh.fr\/?p=995#primaryimage"},"thumbnailUrl":"https:\/\/pba.mmsh.fr\/wp-content\/uploads\/2023\/12\/Capture-decran-2023-12-05-153243-e1701856994233.png","datePublished":"2023-12-18T05:00:03+00:00","dateModified":"2024-04-17T08:45:57+00:00","breadcrumb":{"@id":"https:\/\/pba.mmsh.fr\/?p=995#breadcrumb"},"inLanguage":"fr-FR","potentialAction":[{"@type":"ReadAction","target":["https:\/\/pba.mmsh.fr\/?p=995"]}]},{"@type":"ImageObject","inLanguage":"fr-FR","@id":"https:\/\/pba.mmsh.fr\/?p=995#primaryimage","url":"https:\/\/pba.mmsh.fr\/wp-content\/uploads\/2023\/12\/Capture-decran-2023-12-05-153243-e1701856994233.png","contentUrl":"https:\/\/pba.mmsh.fr\/wp-content\/uploads\/2023\/12\/Capture-decran-2023-12-05-153243-e1701856994233.png","width":650,"height":483},{"@type":"BreadcrumbList","@id":"https:\/\/pba.mmsh.fr\/?p=995#breadcrumb","itemListElement":[{"@type":"ListItem","position":1,"name":"Accueil","item":"https:\/\/pba.mmsh.fr\/"},{"@type":"ListItem","position":2,"name":"AVENT 2023 &#8211; Jour 18"}]},{"@type":"WebSite","@id":"https:\/\/pba.mmsh.fr\/#website","url":"https:\/\/pba.mmsh.fr\/","name":"P\u00f4le Biblioth\u00e8ques et Archives de la MMSH","description":"Biblioth\u00e8ques et Archives \u00e0 la Maison m\u00e9diterran\u00e9enne des sciences de l\u2019homme","publisher":{"@id":"https:\/\/pba.mmsh.fr\/#organization"},"potentialAction":[{"@type":"SearchAction","target":{"@type":"EntryPoint","urlTemplate":"https:\/\/pba.mmsh.fr\/?s={search_term_string}"},"query-input":{"@type":"PropertyValueSpecification","valueRequired":true,"valueName":"search_term_string"}}],"inLanguage":"fr-FR"},{"@type":"Organization","@id":"https:\/\/pba.mmsh.fr\/#organization","name":"P\u00f4le Biblioth\u00e8ques et Archives de la MMSH","url":"https:\/\/pba.mmsh.fr\/","logo":{"@type":"ImageObject","inLanguage":"fr-FR","@id":"https:\/\/pba.mmsh.fr\/#\/schema\/logo\/image\/","url":"https:\/\/pba.mmsh.fr\/wp-content\/uploads\/2026\/01\/cropped-cropped-LOGO-UAR-MMSHS-coul.png","contentUrl":"https:\/\/pba.mmsh.fr\/wp-content\/uploads\/2026\/01\/cropped-cropped-LOGO-UAR-MMSHS-coul.png","width":1161,"height":303,"caption":"P\u00f4le Biblioth\u00e8ques et Archives de la MMSH"},"image":{"@id":"https:\/\/pba.mmsh.fr\/#\/schema\/logo\/image\/"}},{"@type":"Person","@id":"https:\/\/pba.mmsh.fr\/#\/schema\/person\/166e1ff94635c3bf86fa25418aad113a","name":"Nathalie Cotelle","image":{"@type":"ImageObject","inLanguage":"fr-FR","@id":"https:\/\/secure.gravatar.com\/avatar\/bf01ac8da2547d3a34d2995dc7a8a6b583945aeb0e828f3e6a6826b891266ad4?s=96&d=mm&r=g","url":"https:\/\/secure.gravatar.com\/avatar\/bf01ac8da2547d3a34d2995dc7a8a6b583945aeb0e828f3e6a6826b891266ad4?s=96&d=mm&r=g","contentUrl":"https:\/\/secure.gravatar.com\/avatar\/bf01ac8da2547d3a34d2995dc7a8a6b583945aeb0e828f3e6a6826b891266ad4?s=96&d=mm&r=g","caption":"Nathalie Cotelle"},"url":"https:\/\/pba.mmsh.fr\/?author=16"}]}},"_links":{"self":[{"href":"https:\/\/pba.mmsh.fr\/index.php?rest_route=\/wp\/v2\/posts\/995","targetHints":{"allow":["GET"]}}],"collection":[{"href":"https:\/\/pba.mmsh.fr\/index.php?rest_route=\/wp\/v2\/posts"}],"about":[{"href":"https:\/\/pba.mmsh.fr\/index.php?rest_route=\/wp\/v2\/types\/post"}],"author":[{"embeddable":true,"href":"https:\/\/pba.mmsh.fr\/index.php?rest_route=\/wp\/v2\/users\/16"}],"replies":[{"embeddable":true,"href":"https:\/\/pba.mmsh.fr\/index.php?rest_route=%2Fwp%2Fv2%2Fcomments&post=995"}],"version-history":[{"count":15,"href":"https:\/\/pba.mmsh.fr\/index.php?rest_route=\/wp\/v2\/posts\/995\/revisions"}],"predecessor-version":[{"id":1624,"href":"https:\/\/pba.mmsh.fr\/index.php?rest_route=\/wp\/v2\/posts\/995\/revisions\/1624"}],"wp:featuredmedia":[{"embeddable":true,"href":"https:\/\/pba.mmsh.fr\/index.php?rest_route=\/wp\/v2\/media\/1219"}],"wp:attachment":[{"href":"https:\/\/pba.mmsh.fr\/index.php?rest_route=%2Fwp%2Fv2%2Fmedia&parent=995"}],"wp:term":[{"taxonomy":"category","embeddable":true,"href":"https:\/\/pba.mmsh.fr\/index.php?rest_route=%2Fwp%2Fv2%2Fcategories&post=995"},{"taxonomy":"post_tag","embeddable":true,"href":"https:\/\/pba.mmsh.fr\/index.php?rest_route=%2Fwp%2Fv2%2Ftags&post=995"}],"curies":[{"name":"wp","href":"https:\/\/api.w.org\/{rel}","templated":true}]}}