{"id":997,"date":"2023-12-08T06:00:01","date_gmt":"2023-12-08T05:00:01","guid":{"rendered":"https:\/\/pba.mmsh.fr\/?p=997"},"modified":"2024-04-17T10:54:18","modified_gmt":"2024-04-17T08:54:18","slug":"avent-2023-jour-8","status":"publish","type":"post","link":"https:\/\/pba.mmsh.fr\/?p=997","title":{"rendered":"AVENT 2023 &#8211; Jour 8"},"content":{"rendered":"<div class='__iawmlf-post-loop-links' style='display:none;' data-iawmlf-post-links='[{&quot;id&quot;:291,&quot;href&quot;:&quot;http:\\\/\\\/www.calames.abes.fr&quot;,&quot;archived_href&quot;:&quot;https:\\\/\\\/web-wp.archive.org\\\/web\\\/20250925172557\\\/https:\\\/\\\/www.calames.abes.fr\\\/&quot;,&quot;redirect_href&quot;:&quot;https:\\\/\\\/calames.abes.fr\\\/&quot;,&quot;checks&quot;:[],&quot;broken&quot;:false,&quot;last_checked&quot;:null,&quot;process&quot;:&quot;done&quot;},{&quot;id&quot;:292,&quot;href&quot;:&quot;https:\\\/\\\/abes.fr&quot;,&quot;archived_href&quot;:&quot;https:\\\/\\\/web-wp.archive.org\\\/web\\\/20260417024019\\\/https:\\\/\\\/abes.fr\\\/&quot;,&quot;redirect_href&quot;:&quot;&quot;,&quot;checks&quot;:[],&quot;broken&quot;:false,&quot;last_checked&quot;:null,&quot;process&quot;:&quot;done&quot;},{&quot;id&quot;:293,&quot;href&quot;:&quot;https:\\\/\\\/www.bnf.fr\\\/fr\\\/ead-encoded-archival-description&quot;,&quot;archived_href&quot;:&quot;&quot;,&quot;redirect_href&quot;:&quot;&quot;,&quot;checks&quot;:[],&quot;broken&quot;:false,&quot;last_checked&quot;:null,&quot;process&quot;:&quot;done&quot;},{&quot;id&quot;:294,&quot;href&quot;:&quot;https:\\\/\\\/www.idref.fr\\\/026889641&quot;,&quot;archived_href&quot;:&quot;&quot;,&quot;redirect_href&quot;:&quot;https:\\\/\\\/www.idref.fr\\\/026889641html&quot;,&quot;checks&quot;:[],&quot;broken&quot;:false,&quot;last_checked&quot;:null,&quot;process&quot;:&quot;done&quot;},{&quot;id&quot;:295,&quot;href&quot;:&quot;https:\\\/\\\/journals.openedition.org\\\/afas\\\/4196&quot;,&quot;archived_href&quot;:&quot;https:\\\/\\\/web-wp.archive.org\\\/web\\\/20250911155525\\\/https:\\\/\\\/journals.openedition.org\\\/afas\\\/4196&quot;,&quot;redirect_href&quot;:&quot;&quot;,&quot;checks&quot;:[{&quot;date&quot;:&quot;2026-04-16 20:16:59&quot;,&quot;http_code&quot;:200}],&quot;broken&quot;:false,&quot;last_checked&quot;:{&quot;date&quot;:&quot;2026-04-16 20:16:59&quot;,&quot;http_code&quot;:200},&quot;process&quot;:&quot;done&quot;},{&quot;id&quot;:296,&quot;href&quot;:&quot;https:\\\/\\\/www.theses.fr\\\/2011AIX10177&quot;,&quot;archived_href&quot;:&quot;https:\\\/\\\/web-wp.archive.org\\\/web\\\/20250117081416\\\/https:\\\/\\\/theses.fr\\\/2011AIX10177&quot;,&quot;redirect_href&quot;:&quot;&quot;,&quot;checks&quot;:[{&quot;date&quot;:&quot;2026-04-16 20:17:14&quot;,&quot;http_code&quot;:200}],&quot;broken&quot;:false,&quot;last_checked&quot;:{&quot;date&quot;:&quot;2026-04-16 20:17:14&quot;,&quot;http_code&quot;:200},&quot;process&quot;:&quot;done&quot;},{&quot;id&quot;:297,&quot;href&quot;:&quot;https:\\\/\\\/www.theses.fr\\\/2004AIX10080&quot;,&quot;archived_href&quot;:&quot;https:\\\/\\\/web-wp.archive.org\\\/web\\\/20250117073534\\\/https:\\\/\\\/theses.fr\\\/2004AIX10080&quot;,&quot;redirect_href&quot;:&quot;&quot;,&quot;checks&quot;:[{&quot;date&quot;:&quot;2026-04-16 20:17:29&quot;,&quot;http_code&quot;:200}],&quot;broken&quot;:false,&quot;last_checked&quot;:{&quot;date&quot;:&quot;2026-04-16 20:17:29&quot;,&quot;http_code&quot;:200},&quot;process&quot;:&quot;done&quot;},{&quot;id&quot;:298,&quot;href&quot;:&quot;http:\\\/\\\/phonotheque.mmsh.huma-num.fr\\\/dyn\\\/portal\\\/index.xhtml?page=alo&amp;aloId=4647&quot;,&quot;archived_href&quot;:&quot;&quot;,&quot;redirect_href&quot;:&quot;&quot;,&quot;checks&quot;:[],&quot;broken&quot;:false,&quot;last_checked&quot;:null,&quot;process&quot;:&quot;done&quot;},{&quot;id&quot;:299,&quot;href&quot;:&quot;https:\\\/\\\/lodel.hypotheses.org&quot;,&quot;archived_href&quot;:&quot;https:\\\/\\\/web-wp.archive.org\\\/web\\\/20260218071117\\\/https:\\\/\\\/lodel.hypotheses.org\\\/&quot;,&quot;redirect_href&quot;:&quot;&quot;,&quot;checks&quot;:[{&quot;date&quot;:&quot;2026-04-16 20:17:56&quot;,&quot;http_code&quot;:200}],&quot;broken&quot;:false,&quot;last_checked&quot;:{&quot;date&quot;:&quot;2026-04-16 20:17:56&quot;,&quot;http_code&quot;:200},&quot;process&quot;:&quot;done&quot;},{&quot;id&quot;:299,&quot;href&quot;:&quot;https:\\\/\\\/lodel.hypotheses.org&quot;,&quot;archived_href&quot;:&quot;https:\\\/\\\/web-wp.archive.org\\\/web\\\/20260218071117\\\/https:\\\/\\\/lodel.hypotheses.org\\\/&quot;,&quot;redirect_href&quot;:&quot;&quot;,&quot;checks&quot;:[{&quot;date&quot;:&quot;2026-04-16 20:17:56&quot;,&quot;http_code&quot;:200}],&quot;broken&quot;:false,&quot;last_checked&quot;:{&quot;date&quot;:&quot;2026-04-16 20:17:56&quot;,&quot;http_code&quot;:200},&quot;process&quot;:&quot;done&quot;},{&quot;id&quot;:300,&quot;href&quot;:&quot;https:\\\/\\\/www.sudoc.fr\\\/121528553&quot;,&quot;archived_href&quot;:&quot;&quot;,&quot;redirect_href&quot;:&quot;&quot;,&quot;checks&quot;:[],&quot;broken&quot;:false,&quot;last_checked&quot;:null,&quot;process&quot;:&quot;done&quot;}]'><\/div>\n<p class=\"has-text-align-left\">Souvenir n\u00b019 :<\/p>\n\n\n\n<p class=\"has-text-align-center\"><mark style=\"background-color:#EEEADD\" class=\"has-inline-color has-black-color\"><strong>\u00ab\u00a0Je me souviens de 1515.\u00a0\u00bb <\/strong><br>(Georges Perec, <em>Je me souviens<\/em>, 1978)<\/mark><\/p>\n\n\n\n<p>L&rsquo;ann\u00e9e prochaine la base <em><a href=\"https:\/\/web.archive.org\/web\/20230912011418\/http:\/\/phonotheque.mmsh.huma-num.fr\/\">Ganoub <\/a><\/em>fera partie de nos souvenirs.  L&rsquo;\u00e9quipe du secteur archives de la recherche aura transf\u00e9r\u00e9 sur la plateforme <a href=\"http:\/\/www.calames.abes.fr\">Calames<\/a> l&rsquo;ensemble des donn\u00e9es avec le soutien de l&rsquo;Agence bibliographique de l&rsquo;enseignement sup\u00e9rieur et de la recherche (<a href=\"https:\/\/abes.fr\/\">ABES<\/a>). Dans le langage m\u00e9tier, on appelle \u00e7a une \u00ab\u00a0r\u00e9troconversion\u00a0\u00bb. Il s&rsquo;agit de transf\u00e9rer les notices saisies dans la base <em>Ganoub <\/em>au format EAD (<a href=\"https:\/\/www.bnf.fr\/fr\/ead-encoded-archival-description\">encoded archival description<\/a>) le standard international des archives. Ce format tr\u00e8s riche, implique une description pouss\u00e9e du  contexte de production des fonds et des collections&#8230; Mais voil\u00e0, depuis la cr\u00e9ation de la phonoth\u00e8que en 1979, son int\u00e9gration \u00e0 la MMSH en 1997, beaucoup de choses se sont pass\u00e9es : il nous faut chaque fois nous souvenir, retrouver les fils du r\u00e9cit de chacune d&rsquo;elles.<\/p>\n\n\n\n<p>Par exemple, la collection <a href=\"https:\/\/web.archive.org\/web\/20230117103114\/http:\/\/phonotheque.mmsh.huma-num.fr\/dyn\/portal\/index.xhtml?page=alo&amp;aloId=3686\" target=\"_blank\" rel=\"noreferrer noopener\">Musiques et chants en vall\u00e9e de la Roya &#8211; 1967-1968<\/a> d&rsquo;o\u00f9 est issue l&rsquo;enqu\u00eate 1515 fait partie de celles qui ne sont pas encore transf\u00e9r\u00e9s sur la plateforme Calames. Elle appartient \u00e0 un ensemble pour lequel nous devons encore pr\u00e9ciser les questions juridiques car il a \u00e9t\u00e9 d\u00e9pos\u00e9 dans le cadre d&rsquo;une collaboration \u00e0 la fin des ann\u00e9es 1990 avec <a href=\"https:\/\/www.idref.fr\/026889641\">Florence G\u00e9treau<\/a> lorsqu&rsquo;elle \u00e9tait <a href=\"https:\/\/journals.openedition.org\/afas\/4196\">responsable du d\u00e9partement de la parole et de la musique au Mus\u00e9e national des arts et traditions populaires<\/a>. Nous travaillions alors ensemble \u00e0 la r\u00e9daction d&rsquo;un guide de bonnes pratiques pour le catalogage des archives sonores et nous avons r\u00e9dig\u00e9 alors une convention de collaboration : le MNATP n&rsquo;avait pas les moyens de traiter ses archives sonores, la phonoth\u00e8que de la MMSH le ferait pour la zone Provence, Alpes et C\u00e9vennes. Ces collections sonores, fraichement num\u00e9ris\u00e9es, sont sorties du mus\u00e9e pour la premi\u00e8re fois et ont pu alors \u00eatre r\u00e9-\u00e9cout\u00e9es et travaill\u00e9es par d&rsquo;autres musicien\u00b7ne\u00b7s, chercheur\u00b7e\u00b7s ou archivistes.  Est-ce d&rsquo;heureux auspices ? Deux personnes qui ont travaill\u00e9 sur le traitement de ces enregistrements en ce d\u00e9but des ann\u00e9es 2000 vont compter dans la vie scientifique de la MMSH en 2024. Il s&rsquo;agit de Maria-Luisa Langella, qui <a href=\"https:\/\/www.theses.fr\/2011AIX10177\">terminait alors sa th\u00e8se<\/a> et travaillait sur un contrat court \u00e0 la phonoth\u00e8que, et qui rejoindra l&rsquo;\u00e9quipe en 2024 apr\u00e8s avoir \u00e9t\u00e9 laur\u00e9ate \u00e0 un concours d&rsquo;ing\u00e9nieure d&rsquo;\u00e9tudes au CNRS et de Cyril Isnart &#8211; tout nouveau directeur de la MMSH &#8211; qui, tout juste <a href=\"https:\/\/www.theses.fr\/2004AIX10080\">apr\u00e8s sa th\u00e8se<\/a>, dans le cadre d&rsquo;un financement obtenu par la phonoth\u00e8que, avait r\u00e9alis\u00e9 un entretien avec le collecteur et publi\u00e9 dans la foul\u00e9e un ouvrage avec un c\u00e9d\u00e9 sur ce r\u00e9pertoire chant\u00e9.<\/p>\n\n\n\n<p>Comme rien ne se perd dans les archives, la re-d\u00e9couverte de <a href=\"http:\/\/phonotheque.mmsh.huma-num.fr\/dyn\/portal\/index.xhtml?page=alo&amp;aloId=4647\">l&rsquo;enqu\u00eate 1515, \u00ab\u00a0Chants d&rsquo;hommes, de femmes et de choeurs dans l&rsquo;arri\u00e8re pays ni\u00e7ois \u00e0 la fin des ann\u00e9es soixante\u00a0\u00bb<\/a>, est aussi l&rsquo;occasion de retrouver la transcription de l&rsquo;entretien entre Cyril Isnart et Bernard Lortat-Jacob, dans une revue \u00e9lectronique qui en 2006 \u00e9tait publi\u00e9 sur une logiciel encore balbutiant mais robuste, celui-l\u00e0 m\u00eame qui conduira la plateforme <em><a href=\"https:\/\/lodel.hypotheses.org\/\">OpenEdition<\/a><\/em>, <a href=\"https:\/\/lodel.hypotheses.org\">Lodel<\/a> : <a href=\"https:\/\/web.archive.org\/web\/20060721151458\/http:\/\/lodel.imageson.org\/terrainarchive\/document164.html\" target=\"_blank\" rel=\"noreferrer noopener\">https:\/\/web.archive.org\/web\/20060721151458\/http:\/\/lodel.imageson.org\/terrainarchive\/document164.html<\/a> Un exemple rassurant sur les choix technologiques faits par la phonoth\u00e8que !<\/p>\n\n\n\n<p>La collection sonore constitu\u00e9e par Bernard Lortat-Jacob <a href=\"https:\/\/web.archive.org\/web\/20230117103114\/http:\/\/phonotheque.mmsh.huma-num.fr\/dyn\/portal\/index.xhtml?page=alo&amp;aloId=3686\" target=\"_blank\" rel=\"noreferrer noopener\">Musiques et chants en vall\u00e9e de la Roya &#8211; 1967-1968<\/a> s&rsquo;\u00e9coute uniquement sur site \u00e0 Aix-en-Provence car nous n&rsquo;avons pas obtenu l&rsquo;ensemble des autorisations d&rsquo;utilisation de la part des ayants droit.  Ne vous d\u00e9couragez pas ! Vous pouvez emprunter \u00e0 la biblioth\u00e8que <a href=\"https:\/\/www.sudoc.fr\/121528553\">l&rsquo;ouvrage et le c\u00e9d\u00e9<\/a> publi\u00e9 par Cyril Isnart et Jean-Fran\u00e7ois Trubert en lien avec l&rsquo;ouvrage <em>Musique du col de Tende. Les archives de Bernard Lortat-Jacob 1967-1968<\/em>, \u00e9ditions ADEM06, 2007 (cote M\u00e9diath\u00e8que 780 MUS) et vous rencontrerez Maria-Luisa Langella lorsqu&rsquo;elle rejoindra son poste en 2024, bienvenue \u00e0 elle !<\/p>\n\n\n\n<pre class=\"wp-block-verse has-text-align-left\"><em><strong>Cr\u00e9dit photographique : <\/strong><\/em>\nC<em>oncert \u00e0 Breil-sur-Roya en 2019, photogr. V. Ginouv\u00e8s, CC-BY7NC<\/em><\/pre>\n","protected":false},"excerpt":{"rendered":"<p>Souvenir n\u00b019 : \u00ab\u00a0Je me souviens de 1515.\u00a0\u00bb (Georges Perec, Je me souviens, 1978) L&rsquo;ann\u00e9e prochaine la base Ganoub fera partie de nos souvenirs. L&rsquo;\u00e9quipe du secteur archives de la recherche aura transf\u00e9r\u00e9 sur la plateforme Calames l&rsquo;ensemble des donn\u00e9es avec le soutien de l&rsquo;Agence bibliographique de l&rsquo;enseignement sup\u00e9rieur et de la recherche (ABES). Dans&hellip; <a class=\"more-link\" href=\"https:\/\/pba.mmsh.fr\/?p=997\">Poursuivre la lecture <span class=\"screen-reader-text\">AVENT 2023 &#8211; Jour 8<\/span><\/a><\/p>\n","protected":false},"author":6,"featured_media":1269,"comment_status":"open","ping_status":"open","sticky":false,"template":"","format":"standard","meta":{"footnotes":""},"categories":[41,66],"tags":[67],"class_list":["post-997","post","type-post","status-publish","format-standard","has-post-thumbnail","hentry","category-archives","category-calendrier-de-lavent","tag-je-me-souviens","entry"],"yoast_head":"<!-- This site is optimized with the Yoast SEO plugin v27.5 - https:\/\/yoast.com\/product\/yoast-seo-wordpress\/ -->\n<title>AVENT 2023 - Jour 8 - P\u00f4le Biblioth\u00e8ques et Archives de la MMSH<\/title>\n<meta name=\"robots\" content=\"index, follow, max-snippet:-1, max-image-preview:large, max-video-preview:-1\" \/>\n<link rel=\"canonical\" href=\"https:\/\/pba.mmsh.fr\/?p=997\" \/>\n<meta property=\"og:locale\" content=\"fr_FR\" \/>\n<meta property=\"og:type\" content=\"article\" \/>\n<meta property=\"og:title\" content=\"AVENT 2023 - Jour 8 - P\u00f4le Biblioth\u00e8ques et Archives de la MMSH\" \/>\n<meta property=\"og:description\" content=\"Souvenir n\u00b019 : \u00ab\u00a0Je me souviens de 1515.\u00a0\u00bb (Georges Perec, Je me souviens, 1978) L&rsquo;ann\u00e9e prochaine la base Ganoub fera partie de nos souvenirs. L&rsquo;\u00e9quipe du secteur archives de la recherche aura transf\u00e9r\u00e9 sur la plateforme Calames l&rsquo;ensemble des donn\u00e9es avec le soutien de l&rsquo;Agence bibliographique de l&rsquo;enseignement sup\u00e9rieur et de la recherche (ABES). Dans&hellip; Poursuivre la lecture AVENT 2023 &#8211; Jour 8\" \/>\n<meta property=\"og:url\" content=\"https:\/\/pba.mmsh.fr\/?p=997\" \/>\n<meta property=\"og:site_name\" content=\"P\u00f4le Biblioth\u00e8ques et Archives de la MMSH\" \/>\n<meta property=\"article:published_time\" content=\"2023-12-08T05:00:01+00:00\" \/>\n<meta property=\"article:modified_time\" content=\"2024-04-17T08:54:18+00:00\" \/>\n<meta property=\"og:image\" content=\"https:\/\/pba.mmsh.fr\/wp-content\/uploads\/2023\/12\/48822774097_b7749414e3_c-e1701854943997.jpg\" \/>\n\t<meta property=\"og:image:width\" content=\"650\" \/>\n\t<meta property=\"og:image:height\" content=\"286\" \/>\n\t<meta property=\"og:image:type\" content=\"image\/jpeg\" \/>\n<meta name=\"author\" content=\"V\u00e9ronique Ginouves\" \/>\n<meta name=\"twitter:card\" content=\"summary_large_image\" \/>\n<meta name=\"twitter:label1\" content=\"\u00c9crit par\" \/>\n\t<meta name=\"twitter:data1\" content=\"V\u00e9ronique Ginouves\" \/>\n\t<meta name=\"twitter:label2\" content=\"Dur\u00e9e de lecture estim\u00e9e\" \/>\n\t<meta name=\"twitter:data2\" content=\"1 minute\" \/>\n<script type=\"application\/ld+json\" class=\"yoast-schema-graph\">{\"@context\":\"https:\\\/\\\/schema.org\",\"@graph\":[{\"@type\":\"Article\",\"@id\":\"https:\\\/\\\/pba.mmsh.fr\\\/?p=997#article\",\"isPartOf\":{\"@id\":\"https:\\\/\\\/pba.mmsh.fr\\\/?p=997\"},\"author\":{\"name\":\"V\u00e9ronique Ginouves\",\"@id\":\"https:\\\/\\\/pba.mmsh.fr\\\/#\\\/schema\\\/person\\\/8a97db2e3f0a73b41ab01cd25eb99682\"},\"headline\":\"AVENT 2023 &#8211; Jour 8\",\"datePublished\":\"2023-12-08T05:00:01+00:00\",\"dateModified\":\"2024-04-17T08:54:18+00:00\",\"mainEntityOfPage\":{\"@id\":\"https:\\\/\\\/pba.mmsh.fr\\\/?p=997\"},\"wordCount\":686,\"commentCount\":1,\"publisher\":{\"@id\":\"https:\\\/\\\/pba.mmsh.fr\\\/#organization\"},\"image\":{\"@id\":\"https:\\\/\\\/pba.mmsh.fr\\\/?p=997#primaryimage\"},\"thumbnailUrl\":\"https:\\\/\\\/pba.mmsh.fr\\\/wp-content\\\/uploads\\\/2023\\\/12\\\/48822774097_b7749414e3_c-e1701854943997.jpg\",\"keywords\":[\"Je me souviens\"],\"articleSection\":[\"Archives\",\"Calendrier de l'Avent\"],\"inLanguage\":\"fr-FR\",\"potentialAction\":[{\"@type\":\"CommentAction\",\"name\":\"Comment\",\"target\":[\"https:\\\/\\\/pba.mmsh.fr\\\/?p=997#respond\"]}]},{\"@type\":\"WebPage\",\"@id\":\"https:\\\/\\\/pba.mmsh.fr\\\/?p=997\",\"url\":\"https:\\\/\\\/pba.mmsh.fr\\\/?p=997\",\"name\":\"AVENT 2023 - Jour 8 - P\u00f4le Biblioth\u00e8ques et Archives de la MMSH\",\"isPartOf\":{\"@id\":\"https:\\\/\\\/pba.mmsh.fr\\\/#website\"},\"primaryImageOfPage\":{\"@id\":\"https:\\\/\\\/pba.mmsh.fr\\\/?p=997#primaryimage\"},\"image\":{\"@id\":\"https:\\\/\\\/pba.mmsh.fr\\\/?p=997#primaryimage\"},\"thumbnailUrl\":\"https:\\\/\\\/pba.mmsh.fr\\\/wp-content\\\/uploads\\\/2023\\\/12\\\/48822774097_b7749414e3_c-e1701854943997.jpg\",\"datePublished\":\"2023-12-08T05:00:01+00:00\",\"dateModified\":\"2024-04-17T08:54:18+00:00\",\"breadcrumb\":{\"@id\":\"https:\\\/\\\/pba.mmsh.fr\\\/?p=997#breadcrumb\"},\"inLanguage\":\"fr-FR\",\"potentialAction\":[{\"@type\":\"ReadAction\",\"target\":[\"https:\\\/\\\/pba.mmsh.fr\\\/?p=997\"]}]},{\"@type\":\"ImageObject\",\"inLanguage\":\"fr-FR\",\"@id\":\"https:\\\/\\\/pba.mmsh.fr\\\/?p=997#primaryimage\",\"url\":\"https:\\\/\\\/pba.mmsh.fr\\\/wp-content\\\/uploads\\\/2023\\\/12\\\/48822774097_b7749414e3_c-e1701854943997.jpg\",\"contentUrl\":\"https:\\\/\\\/pba.mmsh.fr\\\/wp-content\\\/uploads\\\/2023\\\/12\\\/48822774097_b7749414e3_c-e1701854943997.jpg\",\"width\":650,\"height\":286},{\"@type\":\"BreadcrumbList\",\"@id\":\"https:\\\/\\\/pba.mmsh.fr\\\/?p=997#breadcrumb\",\"itemListElement\":[{\"@type\":\"ListItem\",\"position\":1,\"name\":\"Accueil\",\"item\":\"https:\\\/\\\/pba.mmsh.fr\\\/\"},{\"@type\":\"ListItem\",\"position\":2,\"name\":\"AVENT 2023 &#8211; Jour 8\"}]},{\"@type\":\"WebSite\",\"@id\":\"https:\\\/\\\/pba.mmsh.fr\\\/#website\",\"url\":\"https:\\\/\\\/pba.mmsh.fr\\\/\",\"name\":\"P\u00f4le Biblioth\u00e8ques et Archives de la MMSH\",\"description\":\"Biblioth\u00e8ques et Archives \u00e0 la Maison m\u00e9diterran\u00e9enne des sciences de l\u2019homme\",\"publisher\":{\"@id\":\"https:\\\/\\\/pba.mmsh.fr\\\/#organization\"},\"potentialAction\":[{\"@type\":\"SearchAction\",\"target\":{\"@type\":\"EntryPoint\",\"urlTemplate\":\"https:\\\/\\\/pba.mmsh.fr\\\/?s={search_term_string}\"},\"query-input\":{\"@type\":\"PropertyValueSpecification\",\"valueRequired\":true,\"valueName\":\"search_term_string\"}}],\"inLanguage\":\"fr-FR\"},{\"@type\":\"Organization\",\"@id\":\"https:\\\/\\\/pba.mmsh.fr\\\/#organization\",\"name\":\"P\u00f4le Biblioth\u00e8ques et Archives de la MMSH\",\"url\":\"https:\\\/\\\/pba.mmsh.fr\\\/\",\"logo\":{\"@type\":\"ImageObject\",\"inLanguage\":\"fr-FR\",\"@id\":\"https:\\\/\\\/pba.mmsh.fr\\\/#\\\/schema\\\/logo\\\/image\\\/\",\"url\":\"https:\\\/\\\/pba.mmsh.fr\\\/wp-content\\\/uploads\\\/2026\\\/01\\\/cropped-cropped-LOGO-UAR-MMSHS-coul.png\",\"contentUrl\":\"https:\\\/\\\/pba.mmsh.fr\\\/wp-content\\\/uploads\\\/2026\\\/01\\\/cropped-cropped-LOGO-UAR-MMSHS-coul.png\",\"width\":1161,\"height\":303,\"caption\":\"P\u00f4le Biblioth\u00e8ques et Archives de la MMSH\"},\"image\":{\"@id\":\"https:\\\/\\\/pba.mmsh.fr\\\/#\\\/schema\\\/logo\\\/image\\\/\"}},{\"@type\":\"Person\",\"@id\":\"https:\\\/\\\/pba.mmsh.fr\\\/#\\\/schema\\\/person\\\/8a97db2e3f0a73b41ab01cd25eb99682\",\"name\":\"V\u00e9ronique Ginouves\",\"image\":{\"@type\":\"ImageObject\",\"inLanguage\":\"fr-FR\",\"@id\":\"https:\\\/\\\/secure.gravatar.com\\\/avatar\\\/382e7459f3c6b6f954d8e875d9e211927a78e76138dd8ac149d5c6ff14523297?s=96&d=mm&r=g\",\"url\":\"https:\\\/\\\/secure.gravatar.com\\\/avatar\\\/382e7459f3c6b6f954d8e875d9e211927a78e76138dd8ac149d5c6ff14523297?s=96&d=mm&r=g\",\"contentUrl\":\"https:\\\/\\\/secure.gravatar.com\\\/avatar\\\/382e7459f3c6b6f954d8e875d9e211927a78e76138dd8ac149d5c6ff14523297?s=96&d=mm&r=g\",\"caption\":\"V\u00e9ronique Ginouves\"},\"sameAs\":[\"https:\\\/\\\/phonotheque.hypotheses.org\"],\"url\":\"https:\\\/\\\/pba.mmsh.fr\\\/?author=6\"}]}<\/script>\n<!-- \/ Yoast SEO plugin. -->","yoast_head_json":{"title":"AVENT 2023 - Jour 8 - P\u00f4le Biblioth\u00e8ques et Archives de la MMSH","robots":{"index":"index","follow":"follow","max-snippet":"max-snippet:-1","max-image-preview":"max-image-preview:large","max-video-preview":"max-video-preview:-1"},"canonical":"https:\/\/pba.mmsh.fr\/?p=997","og_locale":"fr_FR","og_type":"article","og_title":"AVENT 2023 - Jour 8 - P\u00f4le Biblioth\u00e8ques et Archives de la MMSH","og_description":"Souvenir n\u00b019 : \u00ab\u00a0Je me souviens de 1515.\u00a0\u00bb (Georges Perec, Je me souviens, 1978) L&rsquo;ann\u00e9e prochaine la base Ganoub fera partie de nos souvenirs. L&rsquo;\u00e9quipe du secteur archives de la recherche aura transf\u00e9r\u00e9 sur la plateforme Calames l&rsquo;ensemble des donn\u00e9es avec le soutien de l&rsquo;Agence bibliographique de l&rsquo;enseignement sup\u00e9rieur et de la recherche (ABES). Dans&hellip; Poursuivre la lecture AVENT 2023 &#8211; Jour 8","og_url":"https:\/\/pba.mmsh.fr\/?p=997","og_site_name":"P\u00f4le Biblioth\u00e8ques et Archives de la MMSH","article_published_time":"2023-12-08T05:00:01+00:00","article_modified_time":"2024-04-17T08:54:18+00:00","og_image":[{"width":650,"height":286,"url":"https:\/\/pba.mmsh.fr\/wp-content\/uploads\/2023\/12\/48822774097_b7749414e3_c-e1701854943997.jpg","type":"image\/jpeg"}],"author":"V\u00e9ronique Ginouves","twitter_card":"summary_large_image","twitter_misc":{"\u00c9crit par":"V\u00e9ronique Ginouves","Dur\u00e9e de lecture estim\u00e9e":"1 minute"},"schema":{"@context":"https:\/\/schema.org","@graph":[{"@type":"Article","@id":"https:\/\/pba.mmsh.fr\/?p=997#article","isPartOf":{"@id":"https:\/\/pba.mmsh.fr\/?p=997"},"author":{"name":"V\u00e9ronique Ginouves","@id":"https:\/\/pba.mmsh.fr\/#\/schema\/person\/8a97db2e3f0a73b41ab01cd25eb99682"},"headline":"AVENT 2023 &#8211; Jour 8","datePublished":"2023-12-08T05:00:01+00:00","dateModified":"2024-04-17T08:54:18+00:00","mainEntityOfPage":{"@id":"https:\/\/pba.mmsh.fr\/?p=997"},"wordCount":686,"commentCount":1,"publisher":{"@id":"https:\/\/pba.mmsh.fr\/#organization"},"image":{"@id":"https:\/\/pba.mmsh.fr\/?p=997#primaryimage"},"thumbnailUrl":"https:\/\/pba.mmsh.fr\/wp-content\/uploads\/2023\/12\/48822774097_b7749414e3_c-e1701854943997.jpg","keywords":["Je me souviens"],"articleSection":["Archives","Calendrier de l'Avent"],"inLanguage":"fr-FR","potentialAction":[{"@type":"CommentAction","name":"Comment","target":["https:\/\/pba.mmsh.fr\/?p=997#respond"]}]},{"@type":"WebPage","@id":"https:\/\/pba.mmsh.fr\/?p=997","url":"https:\/\/pba.mmsh.fr\/?p=997","name":"AVENT 2023 - Jour 8 - P\u00f4le Biblioth\u00e8ques et Archives de la MMSH","isPartOf":{"@id":"https:\/\/pba.mmsh.fr\/#website"},"primaryImageOfPage":{"@id":"https:\/\/pba.mmsh.fr\/?p=997#primaryimage"},"image":{"@id":"https:\/\/pba.mmsh.fr\/?p=997#primaryimage"},"thumbnailUrl":"https:\/\/pba.mmsh.fr\/wp-content\/uploads\/2023\/12\/48822774097_b7749414e3_c-e1701854943997.jpg","datePublished":"2023-12-08T05:00:01+00:00","dateModified":"2024-04-17T08:54:18+00:00","breadcrumb":{"@id":"https:\/\/pba.mmsh.fr\/?p=997#breadcrumb"},"inLanguage":"fr-FR","potentialAction":[{"@type":"ReadAction","target":["https:\/\/pba.mmsh.fr\/?p=997"]}]},{"@type":"ImageObject","inLanguage":"fr-FR","@id":"https:\/\/pba.mmsh.fr\/?p=997#primaryimage","url":"https:\/\/pba.mmsh.fr\/wp-content\/uploads\/2023\/12\/48822774097_b7749414e3_c-e1701854943997.jpg","contentUrl":"https:\/\/pba.mmsh.fr\/wp-content\/uploads\/2023\/12\/48822774097_b7749414e3_c-e1701854943997.jpg","width":650,"height":286},{"@type":"BreadcrumbList","@id":"https:\/\/pba.mmsh.fr\/?p=997#breadcrumb","itemListElement":[{"@type":"ListItem","position":1,"name":"Accueil","item":"https:\/\/pba.mmsh.fr\/"},{"@type":"ListItem","position":2,"name":"AVENT 2023 &#8211; Jour 8"}]},{"@type":"WebSite","@id":"https:\/\/pba.mmsh.fr\/#website","url":"https:\/\/pba.mmsh.fr\/","name":"P\u00f4le Biblioth\u00e8ques et Archives de la MMSH","description":"Biblioth\u00e8ques et Archives \u00e0 la Maison m\u00e9diterran\u00e9enne des sciences de l\u2019homme","publisher":{"@id":"https:\/\/pba.mmsh.fr\/#organization"},"potentialAction":[{"@type":"SearchAction","target":{"@type":"EntryPoint","urlTemplate":"https:\/\/pba.mmsh.fr\/?s={search_term_string}"},"query-input":{"@type":"PropertyValueSpecification","valueRequired":true,"valueName":"search_term_string"}}],"inLanguage":"fr-FR"},{"@type":"Organization","@id":"https:\/\/pba.mmsh.fr\/#organization","name":"P\u00f4le Biblioth\u00e8ques et Archives de la MMSH","url":"https:\/\/pba.mmsh.fr\/","logo":{"@type":"ImageObject","inLanguage":"fr-FR","@id":"https:\/\/pba.mmsh.fr\/#\/schema\/logo\/image\/","url":"https:\/\/pba.mmsh.fr\/wp-content\/uploads\/2026\/01\/cropped-cropped-LOGO-UAR-MMSHS-coul.png","contentUrl":"https:\/\/pba.mmsh.fr\/wp-content\/uploads\/2026\/01\/cropped-cropped-LOGO-UAR-MMSHS-coul.png","width":1161,"height":303,"caption":"P\u00f4le Biblioth\u00e8ques et Archives de la MMSH"},"image":{"@id":"https:\/\/pba.mmsh.fr\/#\/schema\/logo\/image\/"}},{"@type":"Person","@id":"https:\/\/pba.mmsh.fr\/#\/schema\/person\/8a97db2e3f0a73b41ab01cd25eb99682","name":"V\u00e9ronique Ginouves","image":{"@type":"ImageObject","inLanguage":"fr-FR","@id":"https:\/\/secure.gravatar.com\/avatar\/382e7459f3c6b6f954d8e875d9e211927a78e76138dd8ac149d5c6ff14523297?s=96&d=mm&r=g","url":"https:\/\/secure.gravatar.com\/avatar\/382e7459f3c6b6f954d8e875d9e211927a78e76138dd8ac149d5c6ff14523297?s=96&d=mm&r=g","contentUrl":"https:\/\/secure.gravatar.com\/avatar\/382e7459f3c6b6f954d8e875d9e211927a78e76138dd8ac149d5c6ff14523297?s=96&d=mm&r=g","caption":"V\u00e9ronique Ginouves"},"sameAs":["https:\/\/phonotheque.hypotheses.org"],"url":"https:\/\/pba.mmsh.fr\/?author=6"}]}},"_links":{"self":[{"href":"https:\/\/pba.mmsh.fr\/index.php?rest_route=\/wp\/v2\/posts\/997","targetHints":{"allow":["GET"]}}],"collection":[{"href":"https:\/\/pba.mmsh.fr\/index.php?rest_route=\/wp\/v2\/posts"}],"about":[{"href":"https:\/\/pba.mmsh.fr\/index.php?rest_route=\/wp\/v2\/types\/post"}],"author":[{"embeddable":true,"href":"https:\/\/pba.mmsh.fr\/index.php?rest_route=\/wp\/v2\/users\/6"}],"replies":[{"embeddable":true,"href":"https:\/\/pba.mmsh.fr\/index.php?rest_route=%2Fwp%2Fv2%2Fcomments&post=997"}],"version-history":[{"count":24,"href":"https:\/\/pba.mmsh.fr\/index.php?rest_route=\/wp\/v2\/posts\/997\/revisions"}],"predecessor-version":[{"id":1634,"href":"https:\/\/pba.mmsh.fr\/index.php?rest_route=\/wp\/v2\/posts\/997\/revisions\/1634"}],"wp:featuredmedia":[{"embeddable":true,"href":"https:\/\/pba.mmsh.fr\/index.php?rest_route=\/wp\/v2\/media\/1269"}],"wp:attachment":[{"href":"https:\/\/pba.mmsh.fr\/index.php?rest_route=%2Fwp%2Fv2%2Fmedia&parent=997"}],"wp:term":[{"taxonomy":"category","embeddable":true,"href":"https:\/\/pba.mmsh.fr\/index.php?rest_route=%2Fwp%2Fv2%2Fcategories&post=997"},{"taxonomy":"post_tag","embeddable":true,"href":"https:\/\/pba.mmsh.fr\/index.php?rest_route=%2Fwp%2Fv2%2Ftags&post=997"}],"curies":[{"name":"wp","href":"https:\/\/api.w.org\/{rel}","templated":true}]}}